{"id":29508,"date":"2025-10-30T21:26:44","date_gmt":"2025-10-30T20:26:44","guid":{"rendered":"https:\/\/internoverde.it\/?p=29508"},"modified":"2026-01-14T11:00:39","modified_gmt":"2026-01-14T10:00:39","slug":"palacio-astoreca","status":"publish","type":"post","link":"https:\/\/internoverde.it\/eng\/palacio-astoreca\/","title":{"rendered":"Palacio Astoreca"},"content":{"rendered":"<p>[et_pb_section fb_built=&#8221;1&#8243; _builder_version=&#8221;4.19.5&#8243; _module_preset=&#8221;default&#8221; custom_padding=&#8221;1px||3px|||&#8221; global_colors_info=&#8221;{}&#8221;][et_pb_row column_structure=&#8221;2_5,3_5&#8243; use_custom_gutter=&#8221;on&#8221; gutter_width=&#8221;1&#8243; make_equal=&#8221;on&#8221; _builder_version=&#8221;4.24.3&#8243; _module_preset=&#8221;default&#8221; background_color=&#8221;#f2f2f2&#8243; width=&#8221;100%&#8221; max_width=&#8221;2560px&#8221; custom_margin=&#8221;-26px|auto||auto||&#8221; custom_padding=&#8221;0px||2px|||&#8221; global_colors_info=&#8221;{}&#8221;][et_pb_column type=&#8221;2_5&#8243; _builder_version=&#8221;4.19.5&#8243; _module_preset=&#8221;default&#8221; global_colors_info=&#8221;{}&#8221;][et_pb_text content_tablet=&#8221;<\/p>\n<p><b>Zen<\/b><\/p>\n<p>&#8221; content_phone=&#8221;<\/p>\n<p><strong>Zen<\/strong><\/p>\n<p>&#8221; content_last_edited=&#8221;off|tablet&#8221; _builder_version=&#8221;4.27.4&#8243; _module_preset=&#8221;default&#8221; text_font=&#8221;unbaunded||||||||&#8221; text_text_color=&#8221;#dc143c&#8221; text_font_size=&#8221;41px&#8221; text_line_height=&#8221;1.1em&#8221; custom_margin=&#8221;||40px||false|false&#8221; custom_margin_tablet=&#8221;||40px||false|false&#8221; custom_margin_phone=&#8221;||40px||false|false&#8221; custom_margin_last_edited=&#8221;on|phone&#8221; custom_padding=&#8221;70px|0px||140px|false|false&#8221; custom_padding_tablet=&#8221;70px|||140px|false|false&#8221; custom_padding_phone=&#8221;|||40px|false|false&#8221; custom_padding_last_edited=&#8221;on|phone&#8221; text_font_size_tablet=&#8221;50px&#8221; text_font_size_phone=&#8221;30px&#8221; text_font_size_last_edited=&#8221;on|phone&#8221; header_line_height_tablet=&#8221;&#8221; header_line_height_phone=&#8221;1em&#8221; header_line_height_last_edited=&#8221;on|phone&#8221; global_colors_info=&#8221;{}&#8221;]<\/p>\n<p style=\"text-align: left\"><span style=\"font-weight: 400\">Palacio Astoreca<\/span><\/p>\n<p>[\/et_pb_text][et_pb_text content_tablet=&#8221;<\/p>\n<h2>Borgo Pietro Cocconi 44, Parma<\/h2>\n<p>&#8221; content_phone=&#8221;<\/p>\n<h2>Borgo Pietro Cocconi 44, Parma<\/h2>\n<p>&#8221; content_last_edited=&#8221;off|phone&#8221; disabled_on=&#8221;off|off|off&#8221; _builder_version=&#8221;4.27.4&#8243; _module_preset=&#8221;default&#8221; custom_margin=&#8221;|||140px|false|false&#8221; custom_margin_tablet=&#8221;|||140px|false|false&#8221; custom_margin_phone=&#8221;|||40px|false|false&#8221; custom_margin_last_edited=&#8221;on|phone&#8221; custom_padding=&#8221;|24px|29px||false|false&#8221; global_colors_info=&#8221;{}&#8221;]<\/p>\n<h2>Dieciocho 121<\/h2>\n<p>[\/et_pb_text][et_pb_button button_url=&#8221;https:\/\/internoverde.bandcamp.com\/track\/palacio-astoreca-audiolibro-interno-verde-santiago-ita&#8221; url_new_window=&#8221;on&#8221; button_text=&#8221;Ascolta l&#8217;audio&#8221; button_alignment=&#8221;left&#8221; disabled_on=&#8221;off|off|off&#8221; _builder_version=&#8221;4.27.4&#8243; _module_preset=&#8221;default&#8221; custom_button=&#8221;on&#8221; button_bg_color=&#8221;RGBA(255,255,255,0)&#8221; button_border_radius=&#8221;25px&#8221; button_icon=&#8221;&#xf58f;||fa||900&#8243; custom_margin=&#8221;30px|||140px|false|false&#8221; custom_margin_tablet=&#8221;30px|||140px|false|false&#8221; custom_margin_phone=&#8221;30px||50px|40px|false|false&#8221; custom_margin_last_edited=&#8221;on|phone&#8221; custom_padding=&#8221;||||false|false&#8221; button_text_size_tablet=&#8221;&#8221; button_text_size_phone=&#8221;20px&#8221; button_text_size_last_edited=&#8221;on|phone&#8221; global_colors_info=&#8221;{}&#8221;][\/et_pb_button][\/et_pb_column][et_pb_column type=&#8221;3_5&#8243; _builder_version=&#8221;4.19.5&#8243; _module_preset=&#8221;default&#8221; background_enable_image=&#8221;off&#8221; global_colors_info=&#8221;{}&#8221;][et_pb_image src=&#8221;https:\/\/internoverde.it\/wp-content\/uploads\/2025\/10\/Astoreca03-scaled.webp&#8221; align=&#8221;center&#8221; force_fullwidth=&#8221;on&#8221; _builder_version=&#8221;4.27.4&#8243; _module_preset=&#8221;default&#8221; module_alignment=&#8221;right&#8221; max_height=&#8221;100%&#8221; custom_margin=&#8221;||||false|false&#8221; custom_padding=&#8221;|||0px||&#8221; global_colors_info=&#8221;{}&#8221;][\/et_pb_image][\/et_pb_column][\/et_pb_row][et_pb_row disabled_on=&#8221;off|off|off&#8221; _builder_version=&#8221;4.27.4&#8243; _module_preset=&#8221;default&#8221; custom_padding=&#8221;||1px||false|false&#8221; global_colors_info=&#8221;{}&#8221;][et_pb_column type=&#8221;4_4&#8243; _builder_version=&#8221;4.19.5&#8243; _module_preset=&#8221;default&#8221; global_colors_info=&#8221;{}&#8221;][et_pb_text content_tablet=&#8221;<\/p>\n<h3><span>Un cubo e una semisfera: due solidi platonici, figli della matematica greca, sono alla base della Serra Igloo che nel 2021 \u00e8 spuntata come un fungo in via Saragat, accanto al Tecnopolo, suscitando non poche curiosit\u00e0.<\/span><\/h3>\n<p>&#8221; content_phone=&#8221;<\/p>\n<h3><span>Un cubo e una semisfera: due solidi platonici, figli della matematica greca, sono alla base della Serra Igloo che nel 2021 \u00e8 spuntata come un fungo in via Saragat, accanto al Tecnopolo, suscitando non poche curiosit\u00e0.<\/span><\/h3>\n<p>&#8221; content_last_edited=&#8221;off|desktop&#8221; _builder_version=&#8221;4.27.4&#8243; _module_preset=&#8221;default&#8221; text_font_size=&#8221;20px&#8221; header_2_font_size=&#8221;20px&#8221; header_3_font_size=&#8221;20px&#8221; header_3_line_height=&#8221;1.3em&#8221; custom_margin=&#8221;20px||20px||false|false&#8221; global_colors_info=&#8221;{}&#8221;]<\/p>\n<h3><span style=\"font-weight: 400\">Il Palacio Astoreca, situato in Calle Dieciocho, \u00e8 un gioiello architettonico di inizio Novecento, che riflette lo splendore dell&#8217;\u00e9lite cilena legata alla produzione del nitrato. <\/span><\/h3>\n<p>[\/et_pb_text][et_pb_text _builder_version=&#8221;4.27.4&#8243; _module_preset=&#8221;default&#8221; custom_margin=&#8221;20px||20px||false|false&#8221; global_colors_info=&#8221;{}&#8221;]<\/p>\n<p style=\"text-align: justify\"><span style=\"font-weight: 400\">Il suo curato giardino \u00e8 perfettamente in armonia con la bellezza dell&#8217;elegante facciata.<\/span><\/p>\n<p style=\"text-align: justify\"><span style=\"font-weight: 400\">Commissionato all&#8217;inizio del XX secolo dall&#8217;imprenditore Mat\u00edas Astoreca Granja all&#8217;architetto Alberto Cruz Montt, l\u2019edificio fu concepito come residenza di famiglia. La famiglia Astoreca visse qui tra il 1914 e il 1918, affittando poi la propriet\u00e0 all&#8217;Ambasciata degli Stati Uniti in Cile, che la occup\u00f2 dal 1918 al 1925. Con l&#8217;avvento sul mercato del nitrato sintetico si verific\u00f2 una grave crisi economica, che rese la famiglia incapace di continuare a gestire la lussuosa abitazione. Nel 1934, la propriet\u00e0 fu venduta alla famiglia Brown e nel 1963 fu acquistata dall&#8217;Associazione Cilena dei Contabili.\u00a0<\/span><\/p>\n<p style=\"text-align: justify\"><span style=\"font-weight: 400\">Il palazzo \u00e8 in stile neoclassico francese, con una struttura a due piani, un basamento e un falso tetto a mansarda. L&#8217;interno conserva dettagli originali, come camini in marmo francese, pavimenti in rovere americano, arazzi in broccato e una scalinata in marmo con ringhiera in ferro battuto. La facciata, arretrata rispetto alla strada, si affaccia su un maestoso giardino anteriore, importante status symbol dell\u2019epoca. Si differenzia nettamente dagli altri edifici coevi, che tipicamente avevano facciate continue, senza giardino anteriore.<\/span><\/p>\n<p style=\"text-align: justify\"><span style=\"font-weight: 400\">Tra le caratteristiche pi\u00f9 notevoli del giardino ci sono i vecchi cespugli di rose, di tante colorazioni: rosso, giallo, bianco, rosa, albicocca e fucsia. Ci sono anche variet\u00e0 rampicanti. Alejandro Granifo ha iniziato a occuparsi del giardino all\u2019inizio degli anni Ottanta, impegnandosi per preservare fedelmente il suo carattere. Nel 2001 ha passato la responsabilit\u00e0 a suo figlio Rigoberto, che tuttora segue lo spazio e pu\u00f2 affermare, con assoluta certezza, con molte delle piante presenti vantano almeno sessant\u2019anni di vita, poich\u00e8 erano gi\u00e0 qui all\u2019arrivo di suo padre. <\/span><\/p>\n<p>[\/et_pb_text][et_pb_post_nav in_same_term=&#8221;on&#8221; taxonomy_name=&#8221;Articoli&#8221; show_prev=&#8221;off&#8221; show_next=&#8221;off&#8221; _builder_version=&#8221;4.19.5&#8243; _module_preset=&#8221;default&#8221; global_colors_info=&#8221;{}&#8221;][\/et_pb_post_nav][\/et_pb_column][\/et_pb_row][et_pb_row column_structure=&#8221;1_2,1_2&#8243; use_custom_gutter=&#8221;on&#8221; gutter_width=&#8221;1&#8243; _builder_version=&#8221;4.27.4&#8243; _module_preset=&#8221;default&#8221; width=&#8221;100%&#8221; max_width=&#8221;2560px&#8221; global_colors_info=&#8221;{}&#8221;][et_pb_column type=&#8221;1_2&#8243; _builder_version=&#8221;4.27.4&#8243; _module_preset=&#8221;default&#8221; global_colors_info=&#8221;{}&#8221;][et_pb_image src=&#8221;https:\/\/internoverde.it\/wp-content\/uploads\/2025\/10\/Astoreca04-scaled.webp&#8221; force_fullwidth=&#8221;on&#8221; _builder_version=&#8221;4.27.4&#8243; _module_preset=&#8221;default&#8221; global_colors_info=&#8221;{}&#8221;][\/et_pb_image][\/et_pb_column][et_pb_column type=&#8221;1_2&#8243; _builder_version=&#8221;4.27.4&#8243; _module_preset=&#8221;default&#8221; global_colors_info=&#8221;{}&#8221;][et_pb_image src=&#8221;https:\/\/internoverde.it\/wp-content\/uploads\/2025\/10\/Astoreca02-scaled.webp&#8221; force_fullwidth=&#8221;on&#8221; _builder_version=&#8221;4.27.4&#8243; _module_preset=&#8221;default&#8221; global_colors_info=&#8221;{}&#8221;][\/et_pb_image][\/et_pb_column][\/et_pb_row][et_pb_row _builder_version=&#8221;4.27.4&#8243; _module_preset=&#8221;default&#8221; custom_padding=&#8221;||1px||false|false&#8221; global_colors_info=&#8221;{}&#8221;][et_pb_column type=&#8221;4_4&#8243; _builder_version=&#8221;4.19.5&#8243; _module_preset=&#8221;default&#8221; global_colors_info=&#8221;{}&#8221;][et_pb_text disabled_on=&#8221;off|off|off&#8221; _builder_version=&#8221;4.27.4&#8243; _module_preset=&#8221;default&#8221; custom_margin=&#8221;||||false|false&#8221; custom_padding=&#8221;29px|||||&#8221; global_colors_info=&#8221;{}&#8221;]<\/p>\n<p style=\"text-align: justify\"><span style=\"font-weight: 400\">Tra le altre specie presenti figurano le ortensie, l\u2019alloro, il gelsomino giallo, un albero di giada e tre camelie, una delle quali \u00e8 innestata, con fiori bianchi variegati nella parte inferiore e rosa intenso in quella superiore. Degna di nota, all&#8217;ingresso, anche la grande magnolia che ospita un alveare. C\u2019\u00e8 anche un vecchia palma, pi\u00f9 alta dell\u2019edificio, che in origine aveva due sorelle: col passare del tempo \u00e8 rimasta sola. Il ligustro separa l\u2019area verde dall&#8217;ingresso, insieme alla vite che si arrampica sul muro di quattro metri, completando il paesaggio vegetale e contribuendo a creare un microclima che contrasta l&#8217;irradiazione solare. <\/span><\/p>\n<p>[\/et_pb_text][et_pb_button button_url=&#8221;https:\/\/internoverde.it\/giardinoteca\/&#8221; button_text=&#8221;Giardinoteca&#8221; button_alignment=&#8221;center&#8221; _builder_version=&#8221;4.19.5&#8243; _module_preset=&#8221;default&#8221; custom_button=&#8221;on&#8221; button_text_size=&#8221;20px&#8221; button_text_color=&#8221;#ffffff&#8221; button_bg_color=&#8221;#dc143c&#8221; button_border_width=&#8221;0px&#8221; button_border_radius=&#8221;25px&#8221; button_icon=&#8221;&#xf4d8;||fa||900&#8243; button_icon_color=&#8221;#ffffff&#8221; global_colors_info=&#8221;{}&#8221;][\/et_pb_button][\/et_pb_column][\/et_pb_row][\/et_pb_section]<\/p>\n","protected":false},"excerpt":{"rendered":"<p>Palacio Astoreca: eleganza neoclassica e giardino incantevole, un\u2019oasi di serenit\u00e0 immersa nella storia.<\/p>","protected":false},"author":402,"featured_media":29509,"comment_status":"open","ping_status":"open","sticky":false,"template":"","format":"standard","meta":{"_et_pb_use_builder":"on","_et_pb_old_content":"","_et_gb_content_width":"","footnotes":""},"categories":[34,202,203],"tags":[218,214,216,221,219,243,217,206,208,207,223,220,244,224,131,215,205,210,222,213,212,204],"class_list":["post-29508","post","type-post","status-publish","format-standard","has-post-thumbnail","hentry","category-giardini-aperti","category-santiago","category-santiago-25","tag-albero-di-giada","tag-alejandro-granifo","tag-alloro","tag-alveare","tag-camelie","tag-cruz-montt","tag-gelsomino-giallo","tag-giardini-aperti","tag-giardino-segreto","tag-interno-verde","tag-ligustro","tag-magnolia","tag-marmi-francesi","tag-microclima","tag-novecento","tag-ortensie","tag-palacio-astoreca","tag-palazzo-neoclassico","tag-palma","tag-rampicanti","tag-rose","tag-santiago-del-cile"],"aioseo_notices":[],"_links":{"self":[{"href":"https:\/\/internoverde.it\/eng\/wp-json\/wp\/v2\/posts\/29508","targetHints":{"allow":["GET"]}}],"collection":[{"href":"https:\/\/internoverde.it\/eng\/wp-json\/wp\/v2\/posts"}],"about":[{"href":"https:\/\/internoverde.it\/eng\/wp-json\/wp\/v2\/types\/post"}],"author":[{"embeddable":true,"href":"https:\/\/internoverde.it\/eng\/wp-json\/wp\/v2\/users\/402"}],"replies":[{"embeddable":true,"href":"https:\/\/internoverde.it\/eng\/wp-json\/wp\/v2\/comments?post=29508"}],"version-history":[{"count":9,"href":"https:\/\/internoverde.it\/eng\/wp-json\/wp\/v2\/posts\/29508\/revisions"}],"predecessor-version":[{"id":29687,"href":"https:\/\/internoverde.it\/eng\/wp-json\/wp\/v2\/posts\/29508\/revisions\/29687"}],"wp:featuredmedia":[{"embeddable":true,"href":"https:\/\/internoverde.it\/eng\/wp-json\/wp\/v2\/media\/29509"}],"wp:attachment":[{"href":"https:\/\/internoverde.it\/eng\/wp-json\/wp\/v2\/media?parent=29508"}],"wp:term":[{"taxonomy":"category","embeddable":true,"href":"https:\/\/internoverde.it\/eng\/wp-json\/wp\/v2\/categories?post=29508"},{"taxonomy":"post_tag","embeddable":true,"href":"https:\/\/internoverde.it\/eng\/wp-json\/wp\/v2\/tags?post=29508"}],"curies":[{"name":"wp","href":"https:\/\/api.w.org\/{rel}","templated":true}]}}