{"id":29359,"date":"2025-10-30T17:38:30","date_gmt":"2025-10-30T16:38:30","guid":{"rendered":"https:\/\/internoverde.it\/?p=29359"},"modified":"2026-01-14T17:10:23","modified_gmt":"2026-01-14T16:10:23","slug":"centro-cultural-el-agora","status":"publish","type":"post","link":"https:\/\/internoverde.it\/eng\/centro-cultural-el-agora\/","title":{"rendered":"Centro Cultural El \u00c1gora"},"content":{"rendered":"<p>[et_pb_section fb_built=&#8221;1&#8243; _builder_version=&#8221;4.19.5&#8243; _module_preset=&#8221;default&#8221; custom_padding=&#8221;1px||3px|||&#8221; global_colors_info=&#8221;{}&#8221;][et_pb_row column_structure=&#8221;2_5,3_5&#8243; use_custom_gutter=&#8221;on&#8221; gutter_width=&#8221;1&#8243; make_equal=&#8221;on&#8221; _builder_version=&#8221;4.24.3&#8243; _module_preset=&#8221;default&#8221; background_color=&#8221;#f2f2f2&#8243; width=&#8221;100%&#8221; max_width=&#8221;2560px&#8221; custom_margin=&#8221;-26px|auto||auto||&#8221; custom_padding=&#8221;0px||2px|||&#8221; global_colors_info=&#8221;{}&#8221;][et_pb_column type=&#8221;2_5&#8243; _builder_version=&#8221;4.19.5&#8243; _module_preset=&#8221;default&#8221; global_colors_info=&#8221;{}&#8221;][et_pb_text content_tablet=&#8221;<\/p>\n<p><b>Zen<\/b><\/p>\n<p>&#8221; content_phone=&#8221;<\/p>\n<p><strong>Zen<\/strong><\/p>\n<p>&#8221; content_last_edited=&#8221;off|tablet&#8221; _builder_version=&#8221;4.27.4&#8243; _module_preset=&#8221;default&#8221; text_font=&#8221;unbaunded||||||||&#8221; text_text_color=&#8221;#dc143c&#8221; text_font_size=&#8221;41px&#8221; text_line_height=&#8221;1.1em&#8221; custom_margin=&#8221;||40px||false|false&#8221; custom_margin_tablet=&#8221;||40px||false|false&#8221; custom_margin_phone=&#8221;||40px||false|false&#8221; custom_margin_last_edited=&#8221;on|phone&#8221; custom_padding=&#8221;70px|0px||140px|false|false&#8221; custom_padding_tablet=&#8221;70px|||140px|false|false&#8221; custom_padding_phone=&#8221;|||40px|false|false&#8221; custom_padding_last_edited=&#8221;on|phone&#8221; text_font_size_tablet=&#8221;50px&#8221; text_font_size_phone=&#8221;30px&#8221; text_font_size_last_edited=&#8221;on|phone&#8221; header_line_height_tablet=&#8221;&#8221; header_line_height_phone=&#8221;1em&#8221; header_line_height_last_edited=&#8221;on|phone&#8221; global_colors_info=&#8221;{}&#8221;]<\/p>\n<p><b>Centro Cultural El \u00c1gora<\/b><\/p>\n<p>[\/et_pb_text][et_pb_text content_tablet=&#8221;<\/p>\n<h2>Borgo Pietro Cocconi 44, Parma<\/h2>\n<p>&#8221; content_phone=&#8221;<\/p>\n<h2>Borgo Pietro Cocconi 44, Parma<\/h2>\n<p>&#8221; content_last_edited=&#8221;off|phone&#8221; disabled_on=&#8221;off|off|off&#8221; _builder_version=&#8221;4.27.4&#8243; _module_preset=&#8221;default&#8221; custom_margin=&#8221;|||140px|false|false&#8221; custom_margin_tablet=&#8221;|||140px|false|false&#8221; custom_margin_phone=&#8221;|||40px|false|false&#8221; custom_margin_last_edited=&#8221;on|phone&#8221; custom_padding=&#8221;|24px|29px||false|false&#8221; global_colors_info=&#8221;{}&#8221;]<\/p>\n<h2>Vergara 366<\/h2>\n<p>[\/et_pb_text][et_pb_button button_url=&#8221;https:\/\/internoverde.bandcamp.com\/track\/centro-cultural-el-agora-audiolibro-interno-verde-santiago-ita&#8221; url_new_window=&#8221;on&#8221; button_text=&#8221;Ascolta l&#8217;audio&#8221; button_alignment=&#8221;left&#8221; disabled_on=&#8221;off|off|off&#8221; _builder_version=&#8221;4.27.4&#8243; _module_preset=&#8221;default&#8221; custom_button=&#8221;on&#8221; button_bg_color=&#8221;RGBA(255,255,255,0)&#8221; button_border_radius=&#8221;25px&#8221; button_icon=&#8221;&#xf58f;||fa||900&#8243; custom_margin=&#8221;30px|||140px|false|false&#8221; custom_margin_tablet=&#8221;30px|||140px|false|false&#8221; custom_margin_phone=&#8221;30px||50px|40px|false|false&#8221; custom_margin_last_edited=&#8221;on|phone&#8221; custom_padding=&#8221;||||false|false&#8221; hover_enabled=&#8221;0&#8243; button_text_size_tablet=&#8221;&#8221; button_text_size_phone=&#8221;20px&#8221; button_text_size_last_edited=&#8221;on|phone&#8221; global_colors_info=&#8221;{}&#8221; sticky_enabled=&#8221;0&#8243;][\/et_pb_button][\/et_pb_column][et_pb_column type=&#8221;3_5&#8243; _builder_version=&#8221;4.19.5&#8243; _module_preset=&#8221;default&#8221; background_enable_image=&#8221;off&#8221; global_colors_info=&#8221;{}&#8221;][et_pb_image src=&#8221;https:\/\/internoverde.it\/wp-content\/uploads\/2025\/10\/Centro-Cultural-El-Agora-11_risultato-scaled.webp&#8221; align=&#8221;center&#8221; force_fullwidth=&#8221;on&#8221; _builder_version=&#8221;4.27.4&#8243; _module_preset=&#8221;default&#8221; module_alignment=&#8221;right&#8221; max_height=&#8221;100%&#8221; custom_margin=&#8221;||||false|false&#8221; custom_padding=&#8221;|||0px||&#8221; global_colors_info=&#8221;{}&#8221;][\/et_pb_image][\/et_pb_column][\/et_pb_row][et_pb_row disabled_on=&#8221;off|off|off&#8221; _builder_version=&#8221;4.27.4&#8243; _module_preset=&#8221;default&#8221; custom_padding=&#8221;||1px||false|false&#8221; global_colors_info=&#8221;{}&#8221;][et_pb_column type=&#8221;4_4&#8243; _builder_version=&#8221;4.19.5&#8243; _module_preset=&#8221;default&#8221; global_colors_info=&#8221;{}&#8221;][et_pb_text content_tablet=&#8221;<\/p>\n<h3><span>Un cubo e una semisfera: due solidi platonici, figli della matematica greca, sono alla base della Serra Igloo che nel 2021 \u00e8 spuntata come un fungo in via Saragat, accanto al Tecnopolo, suscitando non poche curiosit\u00e0.<\/span><\/h3>\n<p>&#8221; content_phone=&#8221;<\/p>\n<h3><span>Un cubo e una semisfera: due solidi platonici, figli della matematica greca, sono alla base della Serra Igloo che nel 2021 \u00e8 spuntata come un fungo in via Saragat, accanto al Tecnopolo, suscitando non poche curiosit\u00e0.<\/span><\/h3>\n<p>&#8221; content_last_edited=&#8221;off|desktop&#8221; _builder_version=&#8221;4.27.4&#8243; _module_preset=&#8221;default&#8221; text_font_size=&#8221;20px&#8221; header_2_font_size=&#8221;20px&#8221; header_3_font_size=&#8221;20px&#8221; header_3_line_height=&#8221;1.3em&#8221; custom_margin=&#8221;20px||20px||false|false&#8221; global_colors_info=&#8221;{}&#8221;]<\/p>\n<h3 style=\"text-align: justify\"><span style=\"font-weight: 400\">Con un&#8217;araucaria come parte della sua immagine istituzionale, il centro culturale El \u00c1gora descrive il suo giardino come \u201cun&#8217;oasi dentro la citt\u00e0\u201d. Qui si organizzano attivit\u00e0 di formazione a apprendimento all\u2019aria aperta,\u00a0 eventi aziendali o familiari.<\/span><\/h3>\n<p>[\/et_pb_text][et_pb_text _builder_version=&#8221;4.27.4&#8243; _module_preset=&#8221;default&#8221; custom_margin=&#8221;20px||20px||false|false&#8221; global_colors_info=&#8221;{}&#8221;]<\/p>\n<p style=\"text-align: justify\"><span style=\"font-weight: 400\">Il centro fu creato dal sacerdote italiano Ubaldo Santi Lucherini, pi\u00f9 conosciuto come Baldo Santi, originario della Toscana. Membro dell&#8217;ordine dei Chierici Regolari della Madre di Dio, dalla fine degli anni Settanta egli divenne il presidente della Caritas Cilena, istituzione di cui si occup\u00f2 per quasi mezzo secolo, coordinando importanti iniziative assistenziali. Fu inoltre il promotore della Clinica Familiare, destinata al supprto delle persone affette da Hiv.<\/span><\/p>\n<p style=\"text-align: justify\"><span style=\"font-weight: 400\">Nel 1991 venne aperto nel quartiere universitario di Santiago El \u00c1gora, per offrire ai giovani uno spazio che rispondesse alle loro inquietudini, stimolasse il dialogo e promuovesse l&#8217;acquisizione di conoscenze, stimolasse l\u2019attenzione e la volont\u00e0 di contribuire al benessere della comunit\u00e0. Il progetto, finanziato dalla fondazione tedesca Konrad-Adenauer, scelse di chiamarsi con un nome preso dalla societ\u00e0 dell&#8217;antichit\u00e0 greca, che si riferisce al luogo pubblico dove le persone si riunivano per discutere principalmente di cultura e politica.\u00a0<\/span><\/p>\n<p style=\"text-align: justify\"><span style=\"font-weight: 400\">Nel 2012 El \u00c1gora \u00e8 diventato un&#8217;azienda: oggi ospita su un lato dell\u2019edificio le sale per le attivit\u00e0 formative, curate da aziende e istituzioni, e sull\u2019altro lato una residenza universitaria. Questi diversi usi convergono e si incontrano nel giardino interno, al quale si accede dall\u2019atrio.\u00a0<\/span><\/p>\n<p>[\/et_pb_text][et_pb_post_nav in_same_term=&#8221;on&#8221; taxonomy_name=&#8221;Articoli&#8221; show_prev=&#8221;off&#8221; show_next=&#8221;off&#8221; _builder_version=&#8221;4.19.5&#8243; _module_preset=&#8221;default&#8221; global_colors_info=&#8221;{}&#8221;][\/et_pb_post_nav][\/et_pb_column][\/et_pb_row][et_pb_row column_structure=&#8221;1_2,1_2&#8243; use_custom_gutter=&#8221;on&#8221; gutter_width=&#8221;1&#8243; _builder_version=&#8221;4.27.4&#8243; _module_preset=&#8221;default&#8221; width=&#8221;100%&#8221; max_width=&#8221;2560px&#8221; global_colors_info=&#8221;{}&#8221;][et_pb_column type=&#8221;1_2&#8243; _builder_version=&#8221;4.27.4&#8243; _module_preset=&#8221;default&#8221; global_colors_info=&#8221;{}&#8221;][et_pb_image src=&#8221;https:\/\/internoverde.it\/wp-content\/uploads\/2025\/10\/Centro-Cultural-El-Agora-7_risultato.webp&#8221; force_fullwidth=&#8221;on&#8221; _builder_version=&#8221;4.27.4&#8243; _module_preset=&#8221;default&#8221; global_colors_info=&#8221;{}&#8221;][\/et_pb_image][\/et_pb_column][et_pb_column type=&#8221;1_2&#8243; _builder_version=&#8221;4.27.4&#8243; _module_preset=&#8221;default&#8221; global_colors_info=&#8221;{}&#8221;][et_pb_image src=&#8221;https:\/\/internoverde.it\/wp-content\/uploads\/2025\/10\/Centro-Cultural-El-Agora-5_risultato.webp&#8221; force_fullwidth=&#8221;on&#8221; _builder_version=&#8221;4.27.4&#8243; _module_preset=&#8221;default&#8221; global_colors_info=&#8221;{}&#8221;][\/et_pb_image][\/et_pb_column][\/et_pb_row][et_pb_row _builder_version=&#8221;4.27.4&#8243; _module_preset=&#8221;default&#8221; custom_padding=&#8221;||1px||false|false&#8221; global_colors_info=&#8221;{}&#8221;][et_pb_column type=&#8221;4_4&#8243; _builder_version=&#8221;4.19.5&#8243; _module_preset=&#8221;default&#8221; global_colors_info=&#8221;{}&#8221;][et_pb_text disabled_on=&#8221;off|off|off&#8221; _builder_version=&#8221;4.27.4&#8243; _module_preset=&#8221;default&#8221; custom_margin=&#8221;||||false|false&#8221; custom_padding=&#8221;29px|||||&#8221; global_colors_info=&#8221;{}&#8221;]<\/p>\n<p style=\"text-align: justify\"><span style=\"font-weight: 400\">L\u2019area verde ospita tre araucarie, palme e bouganville, insieme a tante altre specie e a una curiosa statua moai di pietra. L&#8217;origine di questa scultura \u00e8 legata a un progetto di apicoltura condotto dalla Caritas sull&#8217;Isola di Pasqua, che padre Santi and\u00f2 a controllare nel 1997. In quell\u2019occasione il religioso venne contattato da un artigiano locale che, per ringraziarlo della visita e dei progetti realizzati a favore dell&#8217;isola, volle scolpire per lui una replica in scala ridotta degli antichi moai. Il manufatto venne poi spedito via nave e trasferito a Santiago, precisamente nell&#8217;\u00c1gora, con un importante lavoro logistico e la collaborazione di molte persone, per installarono l\u2019opera nel luogo che occupa oggi.\u00a0<\/span><\/p>\n<p style=\"text-align: justify\"><span style=\"font-weight: 400\">Attraverso il giardino si accede a una cappella di forma ottagonale: un rifugio silenzioso, con pareti marmorizzate e un grande murale che rappresenta la Pentecoste. Vicino alla cappella c&#8217;\u00e8 un&#8217;area di riposo, protetta dalla statua della Vergine e, in un angolo, un orto autogestito dai residenti. In fondo si trova un cortile pi\u00f9 intimo, dove cresce l&#8217;araucaria pi\u00f9 alta di tutte. Un ultimo cortile, di carattere riservato, ospita le palme, tante piante in vaso e&#8230; una guardiana: Zucolina, un&#8217;amorevole cagnolina, coccolata sia da chi frequenta il centro che dai residenti.<\/span><\/p>\n<p>[\/et_pb_text][et_pb_button button_url=&#8221;https:\/\/internoverde.it\/giardinoteca\/&#8221; button_text=&#8221;Giardinoteca&#8221; button_alignment=&#8221;center&#8221; _builder_version=&#8221;4.19.5&#8243; _module_preset=&#8221;default&#8221; custom_button=&#8221;on&#8221; button_text_size=&#8221;20px&#8221; button_text_color=&#8221;#ffffff&#8221; button_bg_color=&#8221;#dc143c&#8221; button_border_width=&#8221;0px&#8221; button_border_radius=&#8221;25px&#8221; button_icon=&#8221;&#xf4d8;||fa||900&#8243; button_icon_color=&#8221;#ffffff&#8221; global_colors_info=&#8221;{}&#8221;][\/et_pb_button][\/et_pb_column][\/et_pb_row][\/et_pb_section]<\/p>\n","protected":false},"excerpt":{"rendered":"<p>Centro Cultural El \u00c1goraVergara 366Con un&#8217;araucaria come parte della sua immagine istituzionale, il centro culturale El \u00c1gora descrive il suo giardino come \u201cun&#8217;oasi dentro la citt\u00e0\u201d. Qui si organizzano attivit\u00e0 di formazione a apprendimento all\u2019aria aperta,\u00a0 eventi aziendali o familiari.Il centro fu creato dal sacerdote italiano Ubaldo Santi Lucherini, pi\u00f9 conosciuto come Baldo Santi, originario [&hellip;]<\/p>\n","protected":false},"author":402,"featured_media":29361,"comment_status":"open","ping_status":"open","sticky":false,"template":"","format":"standard","meta":{"_et_pb_use_builder":"on","_et_pb_old_content":"","_et_gb_content_width":"","footnotes":""},"categories":[34,202,203],"tags":[297,411,413,415,408,330,410,206,412,258,261,416,227,414,409],"class_list":["post-29359","post","type-post","status-publish","format-standard","has-post-thumbnail","hentry","category-giardini-aperti","category-santiago","category-santiago-25","tag-araucaria","tag-azienda","tag-bouganville","tag-cappella-ottagonale","tag-centro-cultural-el-agora","tag-cortile","tag-fondazione-konrad-adenauer","tag-giardini-aperti","tag-giardino-che-unisce","tag-interno-verde-santiago-del-cile","tag-oasi-in-citta","tag-orto-comunitario","tag-palme","tag-statua-moai","tag-ubaldo-santi"],"aioseo_notices":[],"_links":{"self":[{"href":"https:\/\/internoverde.it\/eng\/wp-json\/wp\/v2\/posts\/29359","targetHints":{"allow":["GET"]}}],"collection":[{"href":"https:\/\/internoverde.it\/eng\/wp-json\/wp\/v2\/posts"}],"about":[{"href":"https:\/\/internoverde.it\/eng\/wp-json\/wp\/v2\/types\/post"}],"author":[{"embeddable":true,"href":"https:\/\/internoverde.it\/eng\/wp-json\/wp\/v2\/users\/402"}],"replies":[{"embeddable":true,"href":"https:\/\/internoverde.it\/eng\/wp-json\/wp\/v2\/comments?post=29359"}],"version-history":[{"count":6,"href":"https:\/\/internoverde.it\/eng\/wp-json\/wp\/v2\/posts\/29359\/revisions"}],"predecessor-version":[{"id":29590,"href":"https:\/\/internoverde.it\/eng\/wp-json\/wp\/v2\/posts\/29359\/revisions\/29590"}],"wp:featuredmedia":[{"embeddable":true,"href":"https:\/\/internoverde.it\/eng\/wp-json\/wp\/v2\/media\/29361"}],"wp:attachment":[{"href":"https:\/\/internoverde.it\/eng\/wp-json\/wp\/v2\/media?parent=29359"}],"wp:term":[{"taxonomy":"category","embeddable":true,"href":"https:\/\/internoverde.it\/eng\/wp-json\/wp\/v2\/categories?post=29359"},{"taxonomy":"post_tag","embeddable":true,"href":"https:\/\/internoverde.it\/eng\/wp-json\/wp\/v2\/tags?post=29359"}],"curies":[{"name":"wp","href":"https:\/\/api.w.org\/{rel}","templated":true}]}}