{"id":19860,"date":"2024-04-17T11:11:27","date_gmt":"2024-04-17T09:11:27","guid":{"rendered":"https:\/\/internoverde.it\/?p=19860"},"modified":"2025-03-31T15:39:07","modified_gmt":"2025-03-31T13:39:07","slug":"casa-circondariale","status":"publish","type":"post","link":"https:\/\/internoverde.it\/eng\/casa-circondariale\/","title":{"rendered":"Casa Circondariale"},"content":{"rendered":"<p>[et_pb_section fb_built=&#8221;1&#8243; _builder_version=&#8221;4.19.5&#8243; _module_preset=&#8221;default&#8221; custom_padding=&#8221;1px||3px|||&#8221; global_colors_info=&#8221;{}&#8221;][et_pb_row column_structure=&#8221;2_5,3_5&#8243; use_custom_gutter=&#8221;on&#8221; gutter_width=&#8221;1&#8243; make_equal=&#8221;on&#8221; _builder_version=&#8221;4.24.3&#8243; _module_preset=&#8221;default&#8221; background_color=&#8221;#f2f2f2&#8243; width=&#8221;100%&#8221; max_width=&#8221;2560px&#8221; custom_margin=&#8221;-26px|auto||auto||&#8221; custom_padding=&#8221;0px||2px|||&#8221; global_colors_info=&#8221;{}&#8221;][et_pb_column type=&#8221;2_5&#8243; _builder_version=&#8221;4.19.5&#8243; _module_preset=&#8221;default&#8221; global_colors_info=&#8221;{}&#8221;][et_pb_text content_tablet=&#8221;<\/p>\n<p><b>Zen<\/b><\/p>\n<p>&#8221; content_phone=&#8221;<\/p>\n<p><strong>Zen<\/strong><\/p>\n<p>&#8221; content_last_edited=&#8221;off|tablet&#8221; _builder_version=&#8221;4.24.3&#8243; _module_preset=&#8221;default&#8221; text_font=&#8221;unbaunded||||||||&#8221; text_text_color=&#8221;#dc143c&#8221; text_font_size=&#8221;50px&#8221; text_line_height=&#8221;1.1em&#8221; custom_margin=&#8221;||40px||false|false&#8221; custom_margin_tablet=&#8221;||40px||false|false&#8221; custom_margin_phone=&#8221;||40px||false|false&#8221; custom_margin_last_edited=&#8221;on|phone&#8221; custom_padding=&#8221;70px|0px||140px|false|false&#8221; custom_padding_tablet=&#8221;70px|||140px|false|false&#8221; custom_padding_phone=&#8221;|||40px|false|false&#8221; custom_padding_last_edited=&#8221;on|phone&#8221; text_font_size_tablet=&#8221;50px&#8221; text_font_size_phone=&#8221;30px&#8221; text_font_size_last_edited=&#8221;on|desktop&#8221; header_line_height_tablet=&#8221;&#8221; header_line_height_phone=&#8221;1em&#8221; header_line_height_last_edited=&#8221;on|phone&#8221; global_colors_info=&#8221;{}&#8221;]<\/p>\n<p style=\"text-align: left\"><b>Casa Circondariale<\/b><\/p>\n<p>[\/et_pb_text][et_pb_text content_tablet=&#8221;<\/p>\n<h2>Borgo Pietro Cocconi 44, Parma<\/h2>\n<p>&#8221; content_phone=&#8221;<\/p>\n<h2>Borgo Pietro Cocconi 44, Parma<\/h2>\n<p>&#8221; content_last_edited=&#8221;off|phone&#8221; _builder_version=&#8221;4.24.3&#8243; _module_preset=&#8221;default&#8221; custom_margin=&#8221;|||140px|false|false&#8221; custom_margin_tablet=&#8221;|||140px|false|false&#8221; custom_margin_phone=&#8221;|||40px|false|false&#8221; custom_margin_last_edited=&#8221;on|phone&#8221; custom_padding=&#8221;||||false|false&#8221; global_colors_info=&#8221;{}&#8221;]<\/p>\n<h2>Strada delle Novate 65, Piacenza<\/h2>\n<p>[\/et_pb_text][\/et_pb_column][et_pb_column type=&#8221;3_5&#8243; _builder_version=&#8221;4.19.5&#8243; _module_preset=&#8221;default&#8221; background_enable_image=&#8221;off&#8221; global_colors_info=&#8221;{}&#8221;][et_pb_image src=&#8221;https:\/\/internoverde.it\/wp-content\/uploads\/2024\/04\/galeorto-9_18_04_2024.webp&#8221; align=&#8221;center&#8221; force_fullwidth=&#8221;on&#8221; _builder_version=&#8221;4.24.3&#8243; _module_preset=&#8221;default&#8221; module_alignment=&#8221;right&#8221; max_height=&#8221;100%&#8221; custom_margin=&#8221;||||false|false&#8221; custom_padding=&#8221;|||0px||&#8221; global_colors_info=&#8221;{}&#8221;][\/et_pb_image][\/et_pb_column][\/et_pb_row][et_pb_row _builder_version=&#8221;4.19.5&#8243; _module_preset=&#8221;default&#8221; custom_padding=&#8221;||1px|||&#8221; global_colors_info=&#8221;{}&#8221;][et_pb_column type=&#8221;4_4&#8243; _builder_version=&#8221;4.19.5&#8243; _module_preset=&#8221;default&#8221; global_colors_info=&#8221;{}&#8221;][et_pb_text content_tablet=&#8221;<\/p>\n<h3>Chi l\u2019avrebbe mai pensato, di incontrare un tranquillo giardino meditativo a due passi dalla trafficata strada Massimo D\u2019Azeglio? Discreto e silenzioso, colpisce per l\u2019armonia e la calma che riesce a trasmettere.<\/h3>\n<p>&#8221; content_phone=&#8221;<\/p>\n<h3>Chi l\u2019avrebbe mai pensato, di incontrare un tranquillo giardino meditativo a due passi dalla trafficata strada Massimo D\u2019Azeglio? Discreto e silenzioso, colpisce per l\u2019armonia e la calma che riesce a trasmettere.<\/h3>\n<p>&#8221; content_last_edited=&#8221;off|phone&#8221; _builder_version=&#8221;4.24.3&#8243; _module_preset=&#8221;default&#8221; text_font_size=&#8221;20px&#8221; header_2_font_size=&#8221;20px&#8221; header_3_font_size=&#8221;20px&#8221; header_3_line_height=&#8221;1.3em&#8221; custom_margin=&#8221;20px||20px||false|false&#8221; global_colors_info=&#8221;{}&#8221;]<\/p>\n<h3 style=\"text-align: center\"><span style=\"font-weight: 400\">Quando si pensa agli orti segreti di Piacenza il pensiero corre immediatamente ai conventi e ai monasteri di clausura e a una tradizione antichissima di silenzio e contemplazione mistica. In realt\u00e0 l\u2019orto pi\u00f9 inaccessibile della citt\u00e0 \u00e8 decisamente pi\u00f9 giovane e rumoroso, si trova in via delle Novate e dal 2018 \u00e8 coltivato da uomini italiani e stranieri che tra una vanga e un filare di pomodori cercano la socialit\u00e0 e la manualit\u00e0 schietta a cui forse non sono pi\u00f9 abituati.<\/span><\/h3>\n<p>[\/et_pb_text][et_pb_text _builder_version=&#8221;4.24.3&#8243; _module_preset=&#8221;default&#8221; custom_margin=&#8221;20px||20px||false|false&#8221; global_colors_info=&#8221;{}&#8221;]<\/p>\n<p style=\"text-align: justify\"><span style=\"font-weight: 400\">In una parola la normalit\u00e0, all\u2019interno della Casa Circondariale, un microcosmo popolato attualmente da circa 400 detenuti. Come sottolineano i responsabili dell\u2019Ufficio Educativo della Casa Circondariale, gli obiettivi di questa attivit\u00e0 sono diversi: favorire l\u2019apprendimento delle tecniche di coltivazione, attivare un processo di riequilibrio e responsabilizzazione individuale, fornire strumenti di riabilitazione e reinserimento nel mondo lavorativo: \u00aboltre alla promozione della salubrit\u00e0 del cibo e dell\u2019incontro tra culture, \u00e8 importante per i detenuti recuperare il valore del tempo speso utilmente\u00bb.<\/span><\/p>\n<p style=\"text-align: justify\"><span style=\"font-weight: 400\">Il progetto \u00e8 stato avviato insieme agli operatori della cooperativa L\u2019Orto Botanico, che hanno destinato un\u2019area alle verdure pi\u00f9 comuni, dalle zucche ai pomodori, e un\u2019area alla serra delle fragole. Da questo spazio, tecnologicamente all\u2019avanguardia, si ricavano ogni anno oltre 4mila chili di frutta. Nel febbraio 2024 inoltre \u00e8 stata inaugurata un\u2019ulteriore realt\u00e0: il laboratorio di trasformazione agroalimentare, per la preparazione di marmellate, confetture e salse. Il marchio Ex- Novo, che contraddistingue questi prodotti, \u00e8 gi\u00e0 noto ai cittadini. Le fragole si possono acquistare al banco dei supermercati Coop, gli ortaggi e il miele si trovano al mercato contadino oppure nel chiosco in legno di fronte all\u2019ingresso della casa circondariale.<\/span><\/p>\n<p>[\/et_pb_text][et_pb_post_nav in_same_term=&#8221;on&#8221; taxonomy_name=&#8221;Articoli&#8221; show_prev=&#8221;off&#8221; show_next=&#8221;off&#8221; _builder_version=&#8221;4.19.5&#8243; _module_preset=&#8221;default&#8221; global_colors_info=&#8221;{}&#8221;][\/et_pb_post_nav][\/et_pb_column][\/et_pb_row][et_pb_row _builder_version=&#8221;4.19.5&#8243; _module_preset=&#8221;default&#8221; custom_padding=&#8221;||0px|||&#8221; global_colors_info=&#8221;{}&#8221;][et_pb_column type=&#8221;4_4&#8243; _builder_version=&#8221;4.19.5&#8243; _module_preset=&#8221;default&#8221; global_colors_info=&#8221;{}&#8221;][et_pb_button button_url=&#8221;https:\/\/internoverde.it\/giardinoteca\/&#8221; button_text=&#8221;Giardinoteca&#8221; button_alignment=&#8221;center&#8221; _builder_version=&#8221;4.19.5&#8243; _module_preset=&#8221;default&#8221; custom_button=&#8221;on&#8221; button_text_size=&#8221;20px&#8221; button_text_color=&#8221;#ffffff&#8221; button_bg_color=&#8221;#dc143c&#8221; button_border_width=&#8221;0px&#8221; button_border_radius=&#8221;25px&#8221; button_icon=&#8221;&#xf4d8;||fa||900&#8243; button_icon_color=&#8221;#ffffff&#8221; global_colors_info=&#8221;{}&#8221;][\/et_pb_button][\/et_pb_column][\/et_pb_row][\/et_pb_section]<\/p>\n","protected":false},"excerpt":{"rendered":"<p>Casa CircondarialeStrada delle Novate 65, PiacenzaQuando si pensa agli orti segreti di Piacenza il pensiero corre immediatamente ai conventi e ai monasteri di clausura e a una tradizione antichissima di silenzio e contemplazione mistica. In realt\u00e0 l\u2019orto pi\u00f9 inaccessibile della citt\u00e0 \u00e8 decisamente pi\u00f9 giovane e rumoroso, si trova in via delle Novate e dal [&hellip;]<\/p>\n","protected":false},"author":6,"featured_media":19937,"comment_status":"open","ping_status":"open","sticky":false,"template":"","format":"standard","meta":{"_et_pb_use_builder":"on","_et_pb_old_content":"","_et_gb_content_width":"","footnotes":""},"categories":[34,141,169,193],"tags":[],"class_list":["post-19860","post","type-post","status-publish","format-standard","has-post-thumbnail","hentry","category-giardini-aperti","category-piacenza","category-piacenza-24","category-piacenza-25"],"aioseo_notices":[],"_links":{"self":[{"href":"https:\/\/internoverde.it\/eng\/wp-json\/wp\/v2\/posts\/19860","targetHints":{"allow":["GET"]}}],"collection":[{"href":"https:\/\/internoverde.it\/eng\/wp-json\/wp\/v2\/posts"}],"about":[{"href":"https:\/\/internoverde.it\/eng\/wp-json\/wp\/v2\/types\/post"}],"author":[{"embeddable":true,"href":"https:\/\/internoverde.it\/eng\/wp-json\/wp\/v2\/users\/6"}],"replies":[{"embeddable":true,"href":"https:\/\/internoverde.it\/eng\/wp-json\/wp\/v2\/comments?post=19860"}],"version-history":[{"count":8,"href":"https:\/\/internoverde.it\/eng\/wp-json\/wp\/v2\/posts\/19860\/revisions"}],"predecessor-version":[{"id":20742,"href":"https:\/\/internoverde.it\/eng\/wp-json\/wp\/v2\/posts\/19860\/revisions\/20742"}],"wp:featuredmedia":[{"embeddable":true,"href":"https:\/\/internoverde.it\/eng\/wp-json\/wp\/v2\/media\/19937"}],"wp:attachment":[{"href":"https:\/\/internoverde.it\/eng\/wp-json\/wp\/v2\/media?parent=19860"}],"wp:term":[{"taxonomy":"category","embeddable":true,"href":"https:\/\/internoverde.it\/eng\/wp-json\/wp\/v2\/categories?post=19860"},{"taxonomy":"post_tag","embeddable":true,"href":"https:\/\/internoverde.it\/eng\/wp-json\/wp\/v2\/tags?post=19860"}],"curies":[{"name":"wp","href":"https:\/\/api.w.org\/{rel}","templated":true}]}}