{"id":13266,"date":"2023-03-15T17:09:45","date_gmt":"2023-03-15T16:09:45","guid":{"rendered":"https:\/\/internoverde.it\/?p=13266"},"modified":"2025-02-25T16:15:35","modified_gmt":"2025-02-25T15:15:35","slug":"palazzo-beccaguti-cavriani","status":"publish","type":"post","link":"https:\/\/internoverde.it\/eng\/palazzo-beccaguti-cavriani\/","title":{"rendered":"Palazzo Beccaguti Cavriani"},"content":{"rendered":"<p>[et_pb_section fb_built=&#8221;1&#8243; _builder_version=&#8221;4.19.5&#8243; _module_preset=&#8221;default&#8221; custom_padding=&#8221;1px||3px|||&#8221; global_colors_info=&#8221;{}&#8221;][et_pb_row column_structure=&#8221;2_5,3_5&#8243; use_custom_gutter=&#8221;on&#8221; gutter_width=&#8221;1&#8243; make_equal=&#8221;on&#8221; _builder_version=&#8221;4.27.4&#8243; _module_preset=&#8221;default&#8221; background_color=&#8221;#f2f2f2&#8243; width=&#8221;100%&#8221; custom_margin=&#8221;-26px|auto||auto||&#8221; custom_padding=&#8221;0px||2px|||&#8221; hover_enabled=&#8221;0&#8243; global_colors_info=&#8221;{}&#8221; max_width=&#8221;2560px&#8221; sticky_enabled=&#8221;0&#8243;][et_pb_column type=&#8221;2_5&#8243; _builder_version=&#8221;4.19.5&#8243; _module_preset=&#8221;default&#8221; global_colors_info=&#8221;{}&#8221;][et_pb_text content_tablet=&#8221;<\/p>\n<p><b>Palazzo Beccaguti Cavriani<\/b><\/p>\n<p>&#8221; content_phone=&#8221;<\/p>\n<p><strong>Palazzo Beccaguti Cavriani<\/strong><\/p>\n<p>&#8221; content_last_edited=&#8221;on|phone&#8221; _builder_version=&#8221;4.20.2&#8243; _module_preset=&#8221;default&#8221; text_font=&#8221;unbaunded||||||||&#8221; text_text_color=&#8221;#dc143c&#8221; text_font_size=&#8221;50px&#8221; text_line_height=&#8221;1.1em&#8221; custom_margin=&#8221;||40px||false|false&#8221; custom_margin_tablet=&#8221;||40px||false|false&#8221; custom_margin_phone=&#8221;||40px||false|false&#8221; custom_margin_last_edited=&#8221;on|phone&#8221; custom_padding=&#8221;70px|||140px|false|false&#8221; custom_padding_tablet=&#8221;70px|||140px|false|false&#8221; custom_padding_phone=&#8221;|||40px|false|false&#8221; custom_padding_last_edited=&#8221;on|phone&#8221; text_font_size_tablet=&#8221;50px&#8221; text_font_size_phone=&#8221;30px&#8221; text_font_size_last_edited=&#8221;on|desktop&#8221; header_line_height_tablet=&#8221;&#8221; header_line_height_phone=&#8221;1em&#8221; header_line_height_last_edited=&#8221;on|phone&#8221; global_colors_info=&#8221;{}&#8221;]<\/p>\n<p><strong>Palazzo Beccaguti Cavriani<\/strong><\/p>\n<p>[\/et_pb_text][et_pb_text content_tablet=&#8221;<\/p>\n<h2>Via Mazzini 34, Mantova<\/h2>\n<p>&#8221; content_phone=&#8221;<\/p>\n<h2>Via Mazzini 34, Mantova<\/h2>\n<p>&#8221; content_last_edited=&#8221;on|phone&#8221; _builder_version=&#8221;4.20.2&#8243; _module_preset=&#8221;default&#8221; custom_margin=&#8221;|||140px|false|false&#8221; custom_margin_tablet=&#8221;|||140px|false|false&#8221; custom_margin_phone=&#8221;|||40px|false|false&#8221; custom_margin_last_edited=&#8221;on|phone&#8221; custom_padding=&#8221;||20px||false|false&#8221; global_colors_info=&#8221;{}&#8221;]<\/p>\n<h2>Via Mazzini 34, Mantova<\/h2>\n<p>[\/et_pb_text][\/et_pb_column][et_pb_column type=&#8221;3_5&#8243; _builder_version=&#8221;4.19.5&#8243; _module_preset=&#8221;default&#8221; background_enable_image=&#8221;off&#8221; global_colors_info=&#8221;{}&#8221;][et_pb_image src=&#8221;https:\/\/internoverde.it\/wp-content\/uploads\/2023\/03\/via-mazzini-34-2_risultato.webp&#8221; align=&#8221;center&#8221; force_fullwidth=&#8221;on&#8221; _builder_version=&#8221;4.20.2&#8243; _module_preset=&#8221;default&#8221; module_alignment=&#8221;right&#8221; max_height=&#8221;100%&#8221; global_colors_info=&#8221;{}&#8221;][\/et_pb_image][\/et_pb_column][\/et_pb_row][et_pb_row _builder_version=&#8221;4.19.5&#8243; _module_preset=&#8221;default&#8221; global_colors_info=&#8221;{}&#8221;][et_pb_column type=&#8221;4_4&#8243; _builder_version=&#8221;4.19.5&#8243; _module_preset=&#8221;default&#8221; global_colors_info=&#8221;{}&#8221;][et_pb_text content_tablet=&#8221;<\/p>\n<p><span><span>Dall\u2019arte della lana all\u2019arte contemporanea. I primi abitanti di questo elegante palazzo sono stati in epoca rinascimentale i Beccaguti, famiglia della Valcamonica affermatasi grazie all\u2019abilit\u00e0 del mercante Anselmo, insignito del titolo di rettore dell\u2019arte della lana tra il 1478 e il 1494. Gli abitanti attuali invece si occupano di design, di architettura e nel senso pi\u00f9 ampio del termine di creativit\u00e0, per questo hanno inventato la galleria DiSegno e dedicato parte dello spazio all\u2019esposizione di opere contemporanee. <\/span><\/span><span><span><\/span><\/span><span><span> <\/span><\/span><span><span> <\/span><\/span><span><span><\/span><\/span><span><span> <\/span><\/span><span><span><\/span><\/span><span><span> <\/span><\/span><span><span><\/span><\/span><span><span><\/span><\/span><\/p>\n<p>&#8221; content_phone=&#8221;<\/p>\n<p><span><span>Dall\u2019arte della lana all\u2019arte contemporanea. I primi abitanti di questo elegante palazzo sono stati in epoca rinascimentale i Beccaguti, famiglia della Valcamonica affermatasi grazie all\u2019abilit\u00e0 del mercante Anselmo, insignito del titolo di rettore dell\u2019arte della lana tra il 1478 e il 1494. Gli abitanti attuali invece si occupano di design, di architettura e nel senso pi\u00f9 ampio del termine di creativit\u00e0, per questo hanno inventato la galleria DiSegno e dedicato parte dello spazio all\u2019esposizione di opere contemporanee. <\/span><\/span><span><span><\/span><\/span><span><span> <\/span><\/span><span><span> <\/span><\/span><span><span><\/span><\/span><span><span> <\/span><\/span><span><span><\/span><\/span><span><span> <\/span><\/span><span><span><\/span><\/span><span><span><\/span><\/span><span><\/span><\/p>\n<p>&#8221; content_last_edited=&#8221;on|phone&#8221; _builder_version=&#8221;4.21.0&#8243; _module_preset=&#8221;default&#8221; text_text_color=&#8221;#c62a44&#8243; text_font_size=&#8221;20px&#8221; header_2_font_size=&#8221;20px&#8221; header_3_font_size=&#8221;20px&#8221; header_3_line_height=&#8221;1.3em&#8221; custom_margin=&#8221;20px||20px||false|false&#8221; global_colors_info=&#8221;{}&#8221;]<\/p>\n<p style=\"text-align: center\"><span style=\"font-weight: 400\">Dall\u2019arte della lana all\u2019arte contemporanea. I primi abitanti di questo elegante palazzo sono stati in epoca rinascimentale i Beccaguti, famiglia della Valcamonica affermatasi grazie all\u2019abilit\u00e0 del mercante Anselmo, insignito del titolo di rettore dell\u2019arte della lana tra il 1478 e il 1494. Gli abitanti attuali invece si occupano di design, di architettura e nel senso pi\u00f9 ampio del termine di creativit\u00e0, per questo hanno inventato la galleria DiSegno e dedicato parte dello spazio all\u2019esposizione di opere contemporanee. <\/span><span style=\"color: #ff0000\"><span style=\"font-weight: 400\"><\/span><\/span><span style=\"font-weight: 400;color: #ff0000\"><span style=\"font-weight: 400\"> <\/span><\/span><span style=\"font-weight: 400;color: #ff0000\"><span style=\"font-weight: 400\"> <\/span><\/span><span style=\"font-weight: 400;color: #ff0000\"><span style=\"font-weight: 400\"><\/span><\/span><span style=\"font-weight: 400;color: #ff0000\"><span style=\"font-weight: 400\"> <\/span><\/span><span style=\"font-weight: 400;color: #ff0000\"><\/span><\/p>\n<p>[\/et_pb_text][et_pb_text _builder_version=&#8221;4.20.2&#8243; _module_preset=&#8221;default&#8221; custom_margin=&#8221;20px||20px||false|false&#8221; global_colors_info=&#8221;{}&#8221;]<\/p>\n<p style=\"text-align: justify\"><span style=\"font-weight: 400\">Cos\u2019\u00e8 successo nel mezzo? Il figlio di Anselmo, Alessandro detto Alessio, si dedic\u00f2 alla carriera militare: fu ingegnere civile e comandante per Ferdinando Gonzaga e viene ricordato come uno degli eroi della battaglia di Fornovo. Proprio grazie al suo valore riusc\u00ec presto ad accrescere le proprie ricchezze e nel 1500 complet\u00f2 e abbell\u00ec la struttura, non senza metterci del proprio in termini di competenza tecnica e stile. La possenza dell\u2019edificio ricorda gli imponenti bastioni costruiti da Alessio nella zona del Gradaro e di fronte all\u2019isola del Te, commissionati da Federico II.\u00a0<\/span><span style=\"font-weight: 400\">I Beccaguti abitarono qui fino alla fine del Seicento ma gi\u00e0 nel 1649 l\u2019ultima discendente vendette la cappella privata ai padri Carmelitani Scalzi, che iniziarono a celebrare messa e progressivamente si insediarono nei terreni attigui dove edificarono la Chiesa di Santa Teresa.<\/span><span style=\"font-weight: 400\"><\/span><\/p>\n<p>[\/et_pb_text][et_pb_post_nav in_same_term=&#8221;on&#8221; taxonomy_name=&#8221;Articoli&#8221; show_prev=&#8221;off&#8221; show_next=&#8221;off&#8221; _builder_version=&#8221;4.19.5&#8243; _module_preset=&#8221;default&#8221; global_colors_info=&#8221;{}&#8221;][\/et_pb_post_nav][\/et_pb_column][\/et_pb_row][et_pb_row _builder_version=&#8221;4.19.5&#8243; _module_preset=&#8221;default&#8221; global_colors_info=&#8221;{}&#8221;][et_pb_column type=&#8221;4_4&#8243; _builder_version=&#8221;4.19.5&#8243; _module_preset=&#8221;default&#8221; global_colors_info=&#8221;{}&#8221;][et_pb_text _builder_version=&#8221;4.20.2&#8243; _module_preset=&#8221;default&#8221; global_colors_info=&#8221;{}&#8221;]<\/p>\n<p style=\"text-align: justify\"><span style=\"font-weight: 400\">Quando nel 1734 la propriet\u00e0 pass\u00f2 alla potente famiglia dei Cavriani, il marchese Antonio volle ripensare il complesso e chiam\u00f2 a condurre i lavori Alfonso Torreggiani, lo stesso architetto a cui fu affidata l\u2019importante residenza di via Trento. Per sfruttare la vicinanza del tempio si costru\u00ec un passaggio in legno, che collegava il piano nobile al palco interno alla chiesa. Il corridoio, lungo circa due metri, \u00e8 stato demolito con l\u2019ultima ristrutturazione, quindici anni fa.<\/span><span style=\"font-weight: 400\"><\/span><\/p>\n<p>[\/et_pb_text][\/et_pb_column][\/et_pb_row][et_pb_row column_structure=&#8221;1_2,1_2&#8243; use_custom_gutter=&#8221;on&#8221; gutter_width=&#8221;1&#8243; _builder_version=&#8221;4.27.4&#8243; _module_preset=&#8221;default&#8221; background_enable_image=&#8221;off&#8221; background_size=&#8221;stretch&#8221; width=&#8221;100%&#8221; module_alignment=&#8221;center&#8221; height=&#8221;400px&#8221; custom_padding=&#8221;0px||1px|||&#8221; hover_enabled=&#8221;0&#8243; global_colors_info=&#8221;{}&#8221; max_width=&#8221;2560px&#8221; sticky_enabled=&#8221;0&#8243;][et_pb_column type=&#8221;1_2&#8243; _builder_version=&#8221;4.19.5&#8243; _module_preset=&#8221;default&#8221; background_enable_image=&#8221;off&#8221; background_size=&#8221;stretch&#8221; global_colors_info=&#8221;{}&#8221;][et_pb_image src=&#8221;https:\/\/internoverde.it\/wp-content\/uploads\/2023\/03\/via-mazzini-34-1_risultato.webp&#8221; _builder_version=&#8221;4.20.2&#8243; _module_preset=&#8221;default&#8221; width=&#8221;100%&#8221; max_width=&#8221;100%&#8221; global_colors_info=&#8221;{}&#8221;][\/et_pb_image][\/et_pb_column][et_pb_column type=&#8221;1_2&#8243; _builder_version=&#8221;4.19.5&#8243; _module_preset=&#8221;default&#8221; background_enable_image=&#8221;off&#8221; background_size=&#8221;stretch&#8221; global_colors_info=&#8221;{}&#8221;][et_pb_image src=&#8221;https:\/\/internoverde.it\/wp-content\/uploads\/2023\/03\/via-mazzini-34-3_risultato.webp&#8221; _builder_version=&#8221;4.20.2&#8243; _module_preset=&#8221;default&#8221; width=&#8221;100%&#8221; max_width=&#8221;100%&#8221; max_height=&#8221;1000px&#8221; global_colors_info=&#8221;{}&#8221;][\/et_pb_image][\/et_pb_column][\/et_pb_row][et_pb_row _builder_version=&#8221;4.19.5&#8243; _module_preset=&#8221;default&#8221; custom_padding=&#8221;||0px|||&#8221; global_colors_info=&#8221;{}&#8221;][et_pb_column type=&#8221;4_4&#8243; _builder_version=&#8221;4.19.5&#8243; _module_preset=&#8221;default&#8221; global_colors_info=&#8221;{}&#8221;][et_pb_text _builder_version=&#8221;4.21.0&#8243; _module_preset=&#8221;default&#8221; custom_margin=&#8221;20px||||false|false&#8221; global_colors_info=&#8221;{}&#8221;]<\/p>\n<p style=\"text-align: justify\"><span style=\"font-weight: 400\">I lavori iniziarono nel 2001 e nel 2004 si inaugur\u00f2 la straordinaria commistione tra abitazione, galleria e studio che oggi si pu\u00f2 apprezzare in occasione dei vernissage. Le opere d\u2019arte trovano casa in una porzione del vecchio cortile, di cui resta un anziano abitante: il glicine centenario che continua a espandersi verso il cielo, protetto a terra da una struttura in vetro, mentre le radici si allungano nel chiostro del vicino convento. Lo si pu\u00f2 vedere spuntare, insieme agli oleandri della terrazza, dall\u2019interno della corte. <\/span><span style=\"font-weight: 400\">Il giardino, a cui si pu\u00f2 accedere anche scendendo nelle fascinose gallerie sotterranee, \u00e8 stato realizzato ex novo, assecondando il gusto minimal che contraddistingue gli interni.<\/span><span style=\"font-weight: 400\">Per disegnarlo fu necessario fronteggiare una vera e propria selva: poco restava dell\u2019originale impianto all\u2019italiana, se non qualche traccia delle aiuole e quattro grandi abeti. L\u2019area \u00e8 stata sfoltita per essere utilizzata pi\u00f9 comodamente e per garantire una buona luce alle sale del pianterreno. La memoria degli abeti \u00e8 stata affidata a un solo esemplare, a cui fa compagnia la magnolia. Sul fondo cresce un boschetto di bamb\u00f9, contenuto da un muretto inserito nel terreno, che scende fino a un metro e mezzo di profondit\u00e0. A destra, vicino alla piscina rettangolare, alberi e fiori in vaso creano con l\u2019alloro e l\u2019oleandro una macchia movimentata, protetta dalla tappezzeria di edera. Un altro splendido glicine incornicia l\u2019ingresso e sale fino al balconcino. In fondo, a due passi dal tavolo in pietra di epoca rinascimentale, si trovava fino a poco tempo fa un bell\u2019esemplare di censis australis, vecchio di due secoli, abbattuto purtroppo da un temporale.<\/span><span style=\"font-weight: 400\"><\/span><\/p>\n<p>[\/et_pb_text][et_pb_button button_url=&#8221;https:\/\/internoverde.it\/giardinoteca\/&#8221; button_text=&#8221;Giardinoteca&#8221; button_alignment=&#8221;center&#8221; _builder_version=&#8221;4.19.5&#8243; _module_preset=&#8221;default&#8221; custom_button=&#8221;on&#8221; button_text_size=&#8221;20px&#8221; button_text_color=&#8221;#ffffff&#8221; button_bg_color=&#8221;#dc143c&#8221; button_border_width=&#8221;0px&#8221; button_border_radius=&#8221;25px&#8221; button_icon=&#8221;&#xf4d8;||fa||900&#8243; button_icon_color=&#8221;#ffffff&#8221; global_colors_info=&#8221;{}&#8221;][\/et_pb_button][\/et_pb_column][\/et_pb_row][\/et_pb_section]<\/p>\n","protected":false},"excerpt":{"rendered":"<p>Dall\u2019arte della lana all\u2019arte contemporanea. I primi abitanti di questo elegante palazzo sono stati in epoca rinascimentale i Beccaguti, famiglia della Valcamonica affermatasi grazie all\u2019abilit\u00e0 del mercante Anselmo, insignito del titolo di rettore dell\u2019arte della lana tra il 1478 e il 1494. Gli abitanti attuali invece si occupano di design, di architettura e nel senso pi\u00f9 ampio del termine di creativit\u00e0, per questo hanno inventato la galleria DiSegno e dedicato parte dello spazio all\u2019esposizione di opere contemporanee. <\/p>","protected":false},"author":2,"featured_media":13269,"comment_status":"open","ping_status":"open","sticky":false,"template":"","format":"standard","meta":{"_et_pb_use_builder":"on","_et_pb_old_content":"","_et_gb_content_width":"","footnotes":""},"categories":[34,129],"tags":[],"class_list":["post-13266","post","type-post","status-publish","format-standard","has-post-thumbnail","hentry","category-giardini-aperti","category-mantova"],"aioseo_notices":[],"_links":{"self":[{"href":"https:\/\/internoverde.it\/eng\/wp-json\/wp\/v2\/posts\/13266","targetHints":{"allow":["GET"]}}],"collection":[{"href":"https:\/\/internoverde.it\/eng\/wp-json\/wp\/v2\/posts"}],"about":[{"href":"https:\/\/internoverde.it\/eng\/wp-json\/wp\/v2\/types\/post"}],"author":[{"embeddable":true,"href":"https:\/\/internoverde.it\/eng\/wp-json\/wp\/v2\/users\/2"}],"replies":[{"embeddable":true,"href":"https:\/\/internoverde.it\/eng\/wp-json\/wp\/v2\/comments?post=13266"}],"version-history":[{"count":7,"href":"https:\/\/internoverde.it\/eng\/wp-json\/wp\/v2\/posts\/13266\/revisions"}],"predecessor-version":[{"id":24775,"href":"https:\/\/internoverde.it\/eng\/wp-json\/wp\/v2\/posts\/13266\/revisions\/24775"}],"wp:featuredmedia":[{"embeddable":true,"href":"https:\/\/internoverde.it\/eng\/wp-json\/wp\/v2\/media\/13269"}],"wp:attachment":[{"href":"https:\/\/internoverde.it\/eng\/wp-json\/wp\/v2\/media?parent=13266"}],"wp:term":[{"taxonomy":"category","embeddable":true,"href":"https:\/\/internoverde.it\/eng\/wp-json\/wp\/v2\/categories?post=13266"},{"taxonomy":"post_tag","embeddable":true,"href":"https:\/\/internoverde.it\/eng\/wp-json\/wp\/v2\/tags?post=13266"}],"curies":[{"name":"wp","href":"https:\/\/api.w.org\/{rel}","templated":true}]}}