{"id":13123,"date":"2023-03-15T15:22:41","date_gmt":"2023-03-15T14:22:41","guid":{"rendered":"https:\/\/internoverde.it\/?p=13123"},"modified":"2025-03-04T12:25:58","modified_gmt":"2025-03-04T11:25:58","slug":"palazzo-prosperi-sacrati","status":"publish","type":"post","link":"https:\/\/internoverde.it\/eng\/palazzo-prosperi-sacrati\/","title":{"rendered":"Palazzo Prosperi Sacrati"},"content":{"rendered":"<p>[et_pb_section fb_built=&#8221;1&#8243; _builder_version=&#8221;4.19.5&#8243; _module_preset=&#8221;default&#8221; custom_padding=&#8221;1px||3px|||&#8221; global_colors_info=&#8221;{}&#8221;][et_pb_row column_structure=&#8221;2_5,3_5&#8243; use_custom_gutter=&#8221;on&#8221; gutter_width=&#8221;1&#8243; make_equal=&#8221;on&#8221; _builder_version=&#8221;4.27.4&#8243; _module_preset=&#8221;default&#8221; background_color=&#8221;#f2f2f2&#8243; width=&#8221;100%&#8221; custom_margin=&#8221;-26px|auto||auto||&#8221; custom_padding=&#8221;0px||2px|||&#8221; hover_enabled=&#8221;0&#8243; global_colors_info=&#8221;{}&#8221; max_width=&#8221;2560px&#8221; sticky_enabled=&#8221;0&#8243;][et_pb_column type=&#8221;2_5&#8243; _builder_version=&#8221;4.19.5&#8243; _module_preset=&#8221;default&#8221; global_colors_info=&#8221;{}&#8221;][et_pb_text content_tablet=&#8221;<\/p>\n<p><b>Palazzo <\/b><\/p>\n<p><b>Prosperi Sacrati<\/b><\/p>\n<p>&#8221; content_phone=&#8221;<\/p>\n<p>Palazzo Prosperi Sacrati<\/p>\n<p>&#8221; content_last_edited=&#8221;on|phone&#8221; _builder_version=&#8221;4.27.3&#8243; _module_preset=&#8221;default&#8221; text_font=&#8221;unbaunded||||||||&#8221; text_text_color=&#8221;#dc143c&#8221; text_font_size=&#8221;50px&#8221; text_line_height=&#8221;1.1em&#8221; custom_margin=&#8221;||40px||false|false&#8221; custom_margin_tablet=&#8221;||40px||false|false&#8221; custom_margin_phone=&#8221;||40px||false|false&#8221; custom_margin_last_edited=&#8221;on|phone&#8221; custom_padding=&#8221;70px|||140px|false|false&#8221; custom_padding_tablet=&#8221;70px|||140px|false|false&#8221; custom_padding_phone=&#8221;|||40px|false|false&#8221; custom_padding_last_edited=&#8221;on|phone&#8221; text_font_size_tablet=&#8221;50px&#8221; text_font_size_phone=&#8221;30px&#8221; text_font_size_last_edited=&#8221;on|desktop&#8221; header_line_height_tablet=&#8221;&#8221; header_line_height_phone=&#8221;1em&#8221; header_line_height_last_edited=&#8221;on|phone&#8221; global_colors_info=&#8221;{}&#8221;]<\/p>\n<p style=\"text-align: left\"><b>Palazzo Prosperi Sacrati<\/b><\/p>\n<p>[\/et_pb_text][et_pb_text content_tablet=&#8221;<\/p>\n<h2>Corso Ercole I d&#8217;Este 23, Ferrara<\/h2>\n<p>&#8221; content_phone=&#8221;<\/p>\n<h2>Corso Ercole I d&#8217;Este 23, Ferrara<\/h2>\n<p>&#8221; content_last_edited=&#8221;on|phone&#8221; _builder_version=&#8221;4.20.2&#8243; _module_preset=&#8221;default&#8221; custom_margin=&#8221;|||140px|false|false&#8221; custom_margin_tablet=&#8221;|||140px|false|false&#8221; custom_margin_phone=&#8221;|||40px|false|false&#8221; custom_margin_last_edited=&#8221;on|phone&#8221; custom_padding=&#8221;||||false|false&#8221; global_colors_info=&#8221;{}&#8221;]<\/p>\n<h2 style=\"text-align: left\">Corso Ercole I d&#8217;Este 23, Ferrara<\/h2>\n<p>[\/et_pb_text][\/et_pb_column][et_pb_column type=&#8221;3_5&#8243; _builder_version=&#8221;4.19.5&#8243; _module_preset=&#8221;default&#8221; background_enable_image=&#8221;off&#8221; global_colors_info=&#8221;{}&#8221;][et_pb_image src=&#8221;https:\/\/internoverde.it\/wp-content\/uploads\/2023\/03\/ercole-deste-23_risultato.webp&#8221; align=&#8221;center&#8221; force_fullwidth=&#8221;on&#8221; _builder_version=&#8221;4.20.2&#8243; _module_preset=&#8221;default&#8221; module_alignment=&#8221;right&#8221; max_height=&#8221;100%&#8221; hover_enabled=&#8221;0&#8243; global_colors_info=&#8221;{}&#8221; sticky_enabled=&#8221;0&#8243;][\/et_pb_image][\/et_pb_column][\/et_pb_row][et_pb_row _builder_version=&#8221;4.20.0&#8243; _module_preset=&#8221;default&#8221; custom_padding=&#8221;||0px|||&#8221; global_colors_info=&#8221;{}&#8221;][et_pb_column type=&#8221;4_4&#8243; _builder_version=&#8221;4.19.5&#8243; _module_preset=&#8221;default&#8221; global_colors_info=&#8221;{}&#8221;][et_pb_text content_tablet=&#8221;<\/p>\n<h3><span>Il giardino di Palazzo Prosperi-Sacrati \u00e8 un giardino da immaginare. L\u2019edificio a cui appartiene fu realizzato in epoca rinascimentale per il medico personale del duca Ercole, messere Francesco da Castello, e sembra rivaleggiasse in bellezza e imponenza solo con il dirimpettaio Palazzo Diamanti.<\/span><\/h3>\n<p>&#8221; content_phone=&#8221;<\/p>\n<h3><span>Il giardino di Palazzo Prosperi-Sacrati \u00e8 un giardino da immaginare. L\u2019edificio a cui appartiene fu realizzato in epoca rinascimentale per il medico personale del duca Ercole, messere Francesco da Castello, e sembra rivaleggiasse in bellezza e imponenza solo con il dirimpettaio Palazzo Diamanti.<\/span><\/h3>\n<p>&#8221; content_last_edited=&#8221;on|tablet&#8221; _builder_version=&#8221;4.27.3&#8243; _module_preset=&#8221;default&#8221; text_font_size=&#8221;20px&#8221; header_2_font_size=&#8221;20px&#8221; header_3_font_size=&#8221;20px&#8221; header_3_line_height=&#8221;1.3em&#8221; custom_margin=&#8221;20px||20px||false|false&#8221; global_colors_info=&#8221;{}&#8221;]<\/p>\n<h3 style=\"text-align: center\"><span style=\"font-weight: 400\">Il giardino di Palazzo Prosperi-Sacrati \u00e8 un giardino da immaginare. L\u2019edificio a cui appartiene fu realizzato in epoca rinascimentale per il medico personale del duca Ercole, messere Francesco da Castello, e sembra rivaleggiasse in bellezza e imponenza solo con il dirimpettaio Palazzo Diamanti.<\/span><\/h3>\n<p>[\/et_pb_text][et_pb_text _builder_version=&#8221;4.20.2&#8243; _module_preset=&#8221;default&#8221; custom_margin=&#8221;20px||20px||false|false&#8221; global_colors_info=&#8221;{}&#8221;]<\/p>\n<p style=\"text-align: justify\"><span style=\"font-weight: 400\">Anche l\u2019architetto Biagio Rossetti contribu\u00ec alla sua creazione, disegnando lo splendido loggiato. Il parco in origine, come si pu\u00f2 vedere nelle stampe conservate presso la Biblioteca Ariostea, comprendeva vari orti e giardini. Il pi\u00fa ampio \u2013 situato a nord \u2013 era diviso in aiuole rettangoli, con piante di agrumi in vaso a decorare ogni angolo. Nella sua zona pi\u00fa nascosta e riservata, verso via Arianuova, nel 1600 venivano coltivati preziosi fiori provenienti dall\u2019Olanda, tulipani che pare fossero pi\u00f9 esclusivi e desiderati dei gioielli.\u00a0<\/span><span style=\"font-weight: 400\">Negli anni la superficie di pertinenza si \u00e8 notevolmente ridotta e anche l\u2019edificio ha visto il susseguirsi di diversi proprietari \u2013 ultima la famiglia Prosperi Sacrati, che l\u2019ha abitato fino ai primi del Novecento. Sulla porzione di terreno affacciata su corso Ercole I d\u2019Este nel 1783 si costru\u00ec il granaio pubblico, struttura che venne successivamente trasformata in caserma e infine demolita dopo la Seconda Guerra Mondiale, a causa degli ingenti danni subiti durante i bombardamenti. Tracce delle sue fondamenta sono state recentemente scavate e studiate dagli studenti del vicino Liceo Ariosto, la cui nuova sede \u00e8 stata realizzata dove una volta si trovavano gli antichi alloggi della servit\u00f9. Questi stabili durante gli anni Cinquanta vennero usati per ospitare gli sfollati e le famiglie pi\u00f9 povere che provenivano dalle campagne per lavorare nel polo chimico. Furono abbattuti negli anni Settanta assieme alla vicina caserma.\u00a0<\/span><\/p>\n<p>[\/et_pb_text][et_pb_post_nav in_same_term=&#8221;on&#8221; taxonomy_name=&#8221;Articoli&#8221; show_prev=&#8221;off&#8221; show_next=&#8221;off&#8221; _builder_version=&#8221;4.19.5&#8243; _module_preset=&#8221;default&#8221; global_colors_info=&#8221;{}&#8221;][\/et_pb_post_nav][\/et_pb_column][\/et_pb_row][et_pb_row _builder_version=&#8221;4.19.5&#8243; _module_preset=&#8221;default&#8221; custom_padding=&#8221;0px||0px|||&#8221; global_colors_info=&#8221;{}&#8221;][et_pb_column type=&#8221;4_4&#8243; _builder_version=&#8221;4.19.5&#8243; _module_preset=&#8221;default&#8221; global_colors_info=&#8221;{}&#8221;][et_pb_text _builder_version=&#8221;4.20.2&#8243; _module_preset=&#8221;default&#8221; custom_margin=&#8221;20px||||false|false&#8221; global_colors_info=&#8221;{}&#8221;]<\/p>\n<p style=\"text-align: justify\"><span style=\"font-weight: 400\">Il Palazzo \u00e8 stato riscattato dal Comune al Demanio militare nel 1997. Tra il 2007 e il 2009 la Soprintendenza ai Beni Culturali ha restaurato i piani nobili, che erano stati adibiti ad alloggi per gli ufficiali dell\u2019aviazione durante la guerra. Attualmente per\u00f2 tutti gli ambienti sono chiusi, inutilizzati e inaccessibili. Degli splendidi giardini ci\u00f2 che resta \u00e8 solamente un prato d\u2019erba e gli alti pioppi neri. Vale la pena approfittare delle eccezionali aperture \u2013 solitamente organizzate a cura in collaborazione con l\u2019associazione Arch\u2019\u00e8 \u2013 per ammirare il settecentesco scalone monumentale, la loggia, e per rendersi conto della storia e del potenziale celati allo sguardo dei passanti dall\u2019alto muro di cinta.<\/span><\/p>\n<p>[\/et_pb_text][et_pb_button button_url=&#8221;https:\/\/internoverde.it\/giardinoteca\/&#8221; button_text=&#8221;Giardinoteca&#8221; button_alignment=&#8221;center&#8221; _builder_version=&#8221;4.19.5&#8243; _module_preset=&#8221;default&#8221; custom_button=&#8221;on&#8221; button_text_size=&#8221;20px&#8221; button_text_color=&#8221;#ffffff&#8221; button_bg_color=&#8221;#dc143c&#8221; button_border_width=&#8221;0px&#8221; button_border_radius=&#8221;25px&#8221; button_icon=&#8221;&#xf4d8;||fa||900&#8243; button_icon_color=&#8221;#ffffff&#8221; global_colors_info=&#8221;{}&#8221;][\/et_pb_button][\/et_pb_column][\/et_pb_row][\/et_pb_section]<\/p>\n","protected":false},"excerpt":{"rendered":"<p>Il giardino di Palazzo Prosperi-Sacrati \u00e8 un giardino da immaginare. L\u2019edificio a cui appartiene fu realizzato in epoca rinascimentale per il medico personale del duca Ercole, messere Francesco da Castello, e sembra rivaleggiasse in bellezza e imponenza solo con il dirimpettaio Palazzo Diamanti.<\/p>","protected":false},"author":2,"featured_media":13126,"comment_status":"open","ping_status":"open","sticky":false,"template":"","format":"standard","meta":{"_et_pb_use_builder":"on","_et_pb_old_content":"","_et_gb_content_width":"","footnotes":""},"categories":[128,190,34],"tags":[],"class_list":["post-13123","post","type-post","status-publish","format-standard","has-post-thumbnail","hentry","category-ferrara","category-ferrara-16","category-giardini-aperti"],"aioseo_notices":[],"_links":{"self":[{"href":"https:\/\/internoverde.it\/eng\/wp-json\/wp\/v2\/posts\/13123","targetHints":{"allow":["GET"]}}],"collection":[{"href":"https:\/\/internoverde.it\/eng\/wp-json\/wp\/v2\/posts"}],"about":[{"href":"https:\/\/internoverde.it\/eng\/wp-json\/wp\/v2\/types\/post"}],"author":[{"embeddable":true,"href":"https:\/\/internoverde.it\/eng\/wp-json\/wp\/v2\/users\/2"}],"replies":[{"embeddable":true,"href":"https:\/\/internoverde.it\/eng\/wp-json\/wp\/v2\/comments?post=13123"}],"version-history":[{"count":10,"href":"https:\/\/internoverde.it\/eng\/wp-json\/wp\/v2\/posts\/13123\/revisions"}],"predecessor-version":[{"id":24942,"href":"https:\/\/internoverde.it\/eng\/wp-json\/wp\/v2\/posts\/13123\/revisions\/24942"}],"wp:featuredmedia":[{"embeddable":true,"href":"https:\/\/internoverde.it\/eng\/wp-json\/wp\/v2\/media\/13126"}],"wp:attachment":[{"href":"https:\/\/internoverde.it\/eng\/wp-json\/wp\/v2\/media?parent=13123"}],"wp:term":[{"taxonomy":"category","embeddable":true,"href":"https:\/\/internoverde.it\/eng\/wp-json\/wp\/v2\/categories?post=13123"},{"taxonomy":"post_tag","embeddable":true,"href":"https:\/\/internoverde.it\/eng\/wp-json\/wp\/v2\/tags?post=13123"}],"curies":[{"name":"wp","href":"https:\/\/api.w.org\/{rel}","templated":true}]}}