{"id":12786,"date":"2023-03-09T17:06:40","date_gmt":"2023-03-09T16:06:40","guid":{"rendered":"https:\/\/internoverde.it\/?p=12786"},"modified":"2024-04-28T11:40:56","modified_gmt":"2024-04-28T09:40:56","slug":"chiostro-di-san-paolo","status":"publish","type":"post","link":"https:\/\/internoverde.it\/eng\/chiostro-di-san-paolo\/","title":{"rendered":"Chiostro di San Paolo"},"content":{"rendered":"<p>[et_pb_section fb_built=&#8221;1&#8243; _builder_version=&#8221;4.19.5&#8243; _module_preset=&#8221;default&#8221; custom_padding=&#8221;1px||3px|||&#8221; global_colors_info=&#8221;{}&#8221;][et_pb_row column_structure=&#8221;2_5,3_5&#8243; use_custom_gutter=&#8221;on&#8221; gutter_width=&#8221;1&#8243; make_equal=&#8221;on&#8221; _builder_version=&#8221;4.24.3&#8243; _module_preset=&#8221;default&#8221; background_color=&#8221;#f2f2f2&#8243; width=&#8221;100%&#8221; max_width=&#8221;2560px&#8221; custom_margin=&#8221;-26px|auto||auto||&#8221; custom_padding=&#8221;0px||2px|||&#8221; global_colors_info=&#8221;{}&#8221;][et_pb_column type=&#8221;2_5&#8243; _builder_version=&#8221;4.19.5&#8243; _module_preset=&#8221;default&#8221; global_colors_info=&#8221;{}&#8221;][et_pb_text content_tablet=&#8221;<\/p>\n<p><b>Chiostro di San Paolo<\/b><\/p>\n<p>&#8221; content_phone=&#8221;<\/p>\n<p><strong>Chiostro di San Paolo<\/strong><\/p>\n<p>&#8221; content_last_edited=&#8221;on|phone&#8221; _builder_version=&#8221;4.24.3&#8243; _module_preset=&#8221;default&#8221; text_font=&#8221;unbaunded||||||||&#8221; text_text_color=&#8221;#dc143c&#8221; text_font_size=&#8221;50px&#8221; text_line_height=&#8221;1.1em&#8221; custom_margin=&#8221;||40px||false|false&#8221; custom_margin_tablet=&#8221;||40px||false|false&#8221; custom_margin_phone=&#8221;||40px||false|false&#8221; custom_margin_last_edited=&#8221;on|phone&#8221; custom_padding=&#8221;70px|||140px|false|false&#8221; custom_padding_tablet=&#8221;70px|||140px|false|false&#8221; custom_padding_phone=&#8221;|||40px|false|false&#8221; custom_padding_last_edited=&#8221;on|phone&#8221; text_font_size_tablet=&#8221;50px&#8221; text_font_size_phone=&#8221;30px&#8221; text_font_size_last_edited=&#8221;on|desktop&#8221; header_line_height_tablet=&#8221;&#8221; header_line_height_phone=&#8221;1em&#8221; header_line_height_last_edited=&#8221;on|phone&#8221; global_colors_info=&#8221;{}&#8221;]<\/p>\n<p style=\"text-align: left\"><b>Chiostro di San Paolo<\/b><\/p>\n<p>[\/et_pb_text][et_pb_text content_tablet=&#8221;<\/p>\n<h2>Vicolo Asse, Parma<\/h2>\n<p>&#8221; content_phone=&#8221;<\/p>\n<h2>Vicolo Asse, Parma<\/h2>\n<p>&#8221; content_last_edited=&#8221;on|phone&#8221; _builder_version=&#8221;4.20.2&#8243; _module_preset=&#8221;default&#8221; custom_margin=&#8221;|||140px|false|false&#8221; custom_margin_tablet=&#8221;|||140px|false|false&#8221; custom_margin_phone=&#8221;|||40px|false|false&#8221; custom_margin_last_edited=&#8221;on|phone&#8221; custom_padding=&#8221;||||false|false&#8221; global_colors_info=&#8221;{}&#8221;]<\/p>\n<h2 style=\"text-align: justify\">Vicolo Asse, Parma<\/h2>\n<p>[\/et_pb_text][et_pb_button button_url=&#8221;https:\/\/internoverde.bandcamp.com\/track\/vicolo-asse-audiolibro-interno-verde-parma&#8221; url_new_window=&#8221;on&#8221; button_text=&#8221;Ascolta l&#8217;audio&#8221; button_alignment=&#8221;left&#8221; button_alignment_tablet=&#8221;left&#8221; button_alignment_phone=&#8221;left&#8221; button_alignment_last_edited=&#8221;on|phone&#8221; _builder_version=&#8221;4.24.3&#8243; _module_preset=&#8221;default&#8221; custom_button=&#8221;on&#8221; button_text_size=&#8221;20px&#8221; button_bg_color=&#8221;RGBA(255,255,255,0)&#8221; button_border_radius=&#8221;25px&#8221; button_icon=&#8221;&#xf025;||fa||900&#8243; button_icon_color=&#8221;#dc143c&#8221; custom_margin=&#8221;30px||30px|140px|false|false&#8221; custom_margin_tablet=&#8221;30px||30px|140px|false|false&#8221; custom_margin_phone=&#8221;|||30px|false|false&#8221; custom_margin_last_edited=&#8221;on|phone&#8221; custom_padding=&#8221;||||false|false&#8221; hover_enabled=&#8221;0&#8243; global_colors_info=&#8221;{}&#8221; theme_builder_area=&#8221;post_content&#8221; sticky_enabled=&#8221;0&#8243;][\/et_pb_button][\/et_pb_column][et_pb_column type=&#8221;3_5&#8243; _builder_version=&#8221;4.19.5&#8243; _module_preset=&#8221;default&#8221; background_enable_image=&#8221;off&#8221; global_colors_info=&#8221;{}&#8221;][et_pb_image src=&#8221;https:\/\/internoverde.it\/wp-content\/uploads\/2024\/04\/InternoVerdeParma_2023-72_15_04_2024.webp&#8221; title_text=&#8221;InternoVerdeParma_2023-72_15_04_2024&#8243; align=&#8221;center&#8221; _builder_version=&#8221;4.24.3&#8243; _module_preset=&#8221;default&#8221; width=&#8221;99.9%&#8221; module_alignment=&#8221;right&#8221; max_height=&#8221;100%&#8221; global_colors_info=&#8221;{}&#8221;][\/et_pb_image][\/et_pb_column][\/et_pb_row][et_pb_row _builder_version=&#8221;4.19.5&#8243; _module_preset=&#8221;default&#8221; global_colors_info=&#8221;{}&#8221;][et_pb_column type=&#8221;4_4&#8243; _builder_version=&#8221;4.19.5&#8243; _module_preset=&#8221;default&#8221; global_colors_info=&#8221;{}&#8221;][et_pb_text content_tablet=&#8221;<\/p>\n<h3><span>Il chiostro di San Paolo appartiene al vasto e affascinante monastero che, nell\u2019anno Mille, il vescovo Sigifredo II volle dedicare all\u2019Apostolo dei Gentili, ovvero a colui che diffuse il cattolicesimo tra i greci e i romani. <\/span><\/h3>\n<p>&#8221; content_phone=&#8221;<\/p>\n<h3><span>Il chiostro di San Paolo appartiene al vasto e affascinante monastero che, nell\u2019anno Mille, il vescovo Sigifredo II volle dedicare all\u2019Apostolo dei Gentili, ovvero a colui che diffuse il cattolicesimo tra i greci e i romani. <\/span><\/h3>\n<p>&#8221; content_last_edited=&#8221;on|phone&#8221; _builder_version=&#8221;4.21.0&#8243; _module_preset=&#8221;default&#8221; text_font_size=&#8221;20px&#8221; header_2_font_size=&#8221;20px&#8221; header_3_font_size=&#8221;20px&#8221; header_3_line_height=&#8221;1.3em&#8221; custom_margin=&#8221;20px||20px||false|false&#8221; global_colors_info=&#8221;{}&#8221;]<\/p>\n<h3 style=\"text-align: center\"><span style=\"font-weight: 400\">Il chiostro di San Paolo appartiene al vasto e affascinante monastero che, nell\u2019anno Mille, il vescovo Sigifredo II volle dedicare all\u2019Apostolo dei Gentili, ovvero a colui che diffuse il cattolicesimo tra i greci e i romani. <\/span><\/h3>\n<p>[\/et_pb_text][et_pb_text _builder_version=&#8221;4.20.2&#8243; _module_preset=&#8221;default&#8221; custom_margin=&#8221;20px||20px||false|false&#8221; global_colors_info=&#8221;{}&#8221;]<\/p>\n<p style=\"text-align: justify\"><span style=\"font-weight: 400\">Il complesso &#8211; sorto sui resti di una struttura ancora pi\u00f9 antica, dedicata a Santa Felicola &#8211; fu da subito riservato alla sola componente femminile del clero. Ampliato e sontuosamente decorato durante il Rinascimento, tra il Quattrocento e il Cinquecento si impose come uno dei principali centri culturali di Parma, grazie soprattutto alla presenza della badessa Giovanna da Piacenza. Donna di grande cultura, radun\u00f2 attorno a s\u00e9 un vero e proprio circolo di artisti e letterati, che accoglieva nello splendido appartamento affrescato dal Correggio: la clausura infatti, per la massima autorit\u00e0 del convento, in quegli anni era poco pi\u00f9 che una formalit\u00e0.<\/span><\/p>\n<p>[\/et_pb_text][et_pb_post_nav in_same_term=&#8221;on&#8221; taxonomy_name=&#8221;Articoli&#8221; show_prev=&#8221;off&#8221; show_next=&#8221;off&#8221; _builder_version=&#8221;4.19.5&#8243; _module_preset=&#8221;default&#8221; global_colors_info=&#8221;{}&#8221;][\/et_pb_post_nav][\/et_pb_column][\/et_pb_row][et_pb_row column_structure=&#8221;1_2,1_2&#8243; use_custom_gutter=&#8221;on&#8221; gutter_width=&#8221;1&#8243; _builder_version=&#8221;4.24.2&#8243; _module_preset=&#8221;default&#8221; background_enable_image=&#8221;off&#8221; background_size=&#8221;stretch&#8221; width=&#8221;100%&#8221; max_width=&#8221;2560px&#8221; module_alignment=&#8221;center&#8221; height=&#8221;400px&#8221; custom_padding=&#8221;0px||1px|||&#8221; global_colors_info=&#8221;{}&#8221;][et_pb_column type=&#8221;1_2&#8243; _builder_version=&#8221;4.19.5&#8243; _module_preset=&#8221;default&#8221; background_enable_image=&#8221;off&#8221; background_size=&#8221;stretch&#8221; global_colors_info=&#8221;{}&#8221;][et_pb_image src=&#8221;https:\/\/internoverde.it\/wp-content\/uploads\/2023\/03\/2024Vicolo-Asse-6_15_04_2024.webp&#8221; title_text=&#8221;2024Vicolo-Asse-6_15_04_2024&#8243; _builder_version=&#8221;4.24.3&#8243; _module_preset=&#8221;default&#8221; global_colors_info=&#8221;{}&#8221;][\/et_pb_image][\/et_pb_column][et_pb_column type=&#8221;1_2&#8243; _builder_version=&#8221;4.19.5&#8243; _module_preset=&#8221;default&#8221; background_enable_image=&#8221;off&#8221; background_size=&#8221;stretch&#8221; global_colors_info=&#8221;{}&#8221;][et_pb_image src=&#8221;https:\/\/internoverde.it\/wp-content\/uploads\/2024\/04\/vicolo-asse-7_15_04_2024.webp&#8221; title_text=&#8221;vicolo asse-7_15_04_2024&#8243; _builder_version=&#8221;4.24.3&#8243; _module_preset=&#8221;default&#8221; global_colors_info=&#8221;{}&#8221;][\/et_pb_image][\/et_pb_column][\/et_pb_row][et_pb_row _builder_version=&#8221;4.19.5&#8243; _module_preset=&#8221;default&#8221; global_colors_info=&#8221;{}&#8221;][et_pb_column type=&#8221;4_4&#8243; _builder_version=&#8221;4.19.5&#8243; _module_preset=&#8221;default&#8221; global_colors_info=&#8221;{}&#8221;][et_pb_text _builder_version=&#8221;4.24.3&#8243; _module_preset=&#8221;default&#8221; custom_padding=&#8221;20px||||false|false&#8221; global_colors_info=&#8221;{}&#8221;]<\/p>\n<p style=\"text-align: justify\"><span style=\"font-weight: 400\">La Camera della Badessa, realizzata nel 1519, venne inclusa appena cinque anni dopo nell\u2019area di clausura, chiusa e dimenticata per oltre due secoli. Fu ritrovata nel 1774, grazie allo storico e critico d\u2019arte tedesco, Anton Raphael Mengs. L\u2019intera struttura venne secolarizzata nel 1810, per volere di Napoleone. Si succedettero poi una serie di frazionamenti, ristrutturazioni e nuovi utilizzi. Alcuni ambienti sono stati in epoca recente dedicati alla Biblioteca Guanda e alla Pinacoteca Stuard, altri sono diventati sede museale. Il restauro delle sale al primo piano si \u00e8 concluso nella primavera 2022, con l\u2019inaugurazione di Laboratorio Aperto Parma, spazio dedicato all\u2019innovazione nell\u2019ambito della cultura dell\u2019eccellenza agroalimentare.<\/span><\/p>\n<p style=\"text-align: justify\"><span style=\"font-weight: 400\"><\/span><\/p>\n<p>[\/et_pb_text][\/et_pb_column][\/et_pb_row][et_pb_row column_structure=&#8221;1_2,1_2&#8243; use_custom_gutter=&#8221;on&#8221; gutter_width=&#8221;1&#8243; _builder_version=&#8221;4.24.2&#8243; _module_preset=&#8221;default&#8221; background_enable_image=&#8221;off&#8221; background_size=&#8221;stretch&#8221; width=&#8221;100%&#8221; max_width=&#8221;2560px&#8221; module_alignment=&#8221;center&#8221; height=&#8221;400px&#8221; custom_padding=&#8221;0px||1px|||&#8221; global_colors_info=&#8221;{}&#8221;][et_pb_column type=&#8221;1_2&#8243; _builder_version=&#8221;4.19.5&#8243; _module_preset=&#8221;default&#8221; background_enable_image=&#8221;off&#8221; background_size=&#8221;stretch&#8221; global_colors_info=&#8221;{}&#8221;][et_pb_image src=&#8221;https:\/\/internoverde.it\/wp-content\/uploads\/2023\/03\/vicolo-asse-4_risultato.webp&#8221; _builder_version=&#8221;4.20.2&#8243; _module_preset=&#8221;default&#8221; global_colors_info=&#8221;{}&#8221;][\/et_pb_image][\/et_pb_column][et_pb_column type=&#8221;1_2&#8243; _builder_version=&#8221;4.19.5&#8243; _module_preset=&#8221;default&#8221; background_enable_image=&#8221;off&#8221; background_size=&#8221;stretch&#8221; global_colors_info=&#8221;{}&#8221;][et_pb_image src=&#8221;https:\/\/internoverde.it\/wp-content\/uploads\/2023\/03\/InternoVerdeParma_2023-70_15_04_2024.webp&#8221; title_text=&#8221;InternoVerdeParma_2023-70_15_04_2024&#8243; _builder_version=&#8221;4.24.3&#8243; _module_preset=&#8221;default&#8221; global_colors_info=&#8221;{}&#8221;][\/et_pb_image][\/et_pb_column][\/et_pb_row][et_pb_row _builder_version=&#8221;4.19.5&#8243; _module_preset=&#8221;default&#8221; custom_padding=&#8221;||0px|||&#8221; global_colors_info=&#8221;{}&#8221;][et_pb_column type=&#8221;4_4&#8243; _builder_version=&#8221;4.19.5&#8243; _module_preset=&#8221;default&#8221; global_colors_info=&#8221;{}&#8221;][et_pb_text _builder_version=&#8221;4.24.3&#8243; _module_preset=&#8221;default&#8221; custom_margin=&#8221;20px||||false|false&#8221; global_colors_info=&#8221;{}&#8221;]<\/p>\n<p style=\"text-align: justify\"><span style=\"font-weight: 400\">Lo stesso intervento ha riportato all\u2019originale splendore il Chiostro della Fontana, che deve il suo nome al manufatto in arenaria posto al centro del prato, ma di cui purtroppo non si sa molto: probabilmente \u00e8 stato aggiunto in una fase successiva rispetto alla costruzione dell\u2019immobile, essendo simmetricamente fuori asse rispetto alla planimetria del porticato. Di sicuro fa parte dei ricordi di tante \u201cragazze di una volta\u201d, che ogni mattina salutavano la statua del tritone, al centro della vasca, prima di entrare in classe: per molti anni il convento \u00e8 stato adibito a scuola magistrale. Tra i lavori che prossimamente completeranno l\u2019intervento: l\u2019allestimento di\u00a0 un caff\u00e8 letterario al piano terra, nella sala dell\u2019ex cappella, e il ripristino del parco, che verr\u00e0 finalmente restituito alla comunit\u00e0. <\/span><\/p>\n<p style=\"text-align: justify\"><span style=\"font-weight: 400\"><\/span><\/p>\n<p>[\/et_pb_text][et_pb_button button_url=&#8221;https:\/\/internoverde.it\/giardinoteca\/&#8221; button_text=&#8221;Giardinoteca&#8221; button_alignment=&#8221;center&#8221; _builder_version=&#8221;4.19.5&#8243; _module_preset=&#8221;default&#8221; custom_button=&#8221;on&#8221; button_text_size=&#8221;20px&#8221; button_text_color=&#8221;#ffffff&#8221; button_bg_color=&#8221;#dc143c&#8221; button_border_width=&#8221;0px&#8221; button_border_radius=&#8221;25px&#8221; button_icon=&#8221;&#xf4d8;||fa||900&#8243; button_icon_color=&#8221;#ffffff&#8221; global_colors_info=&#8221;{}&#8221;][\/et_pb_button][\/et_pb_column][\/et_pb_row][\/et_pb_section]<\/p>\n","protected":false},"excerpt":{"rendered":"<p>Il chiostro di San Paolo appartiene al vasto e affascinante monastero che, nell\u2019anno Mille, il vescovo Sigifredo II volle dedicare all\u2019Apostolo dei Gentili, ovvero a colui che diffuse il cattolicesimo tra i greci e i romani. <\/p>","protected":false},"author":2,"featured_media":19566,"comment_status":"closed","ping_status":"open","sticky":false,"template":"","format":"standard","meta":{"_et_pb_use_builder":"on","_et_pb_old_content":"","_et_gb_content_width":"","footnotes":""},"categories":[34,130,168,167],"tags":[],"class_list":["post-12786","post","type-post","status-publish","format-standard","has-post-thumbnail","hentry","category-giardini-aperti","category-parma","category-parma-23","category-parma-24"],"aioseo_notices":[],"_links":{"self":[{"href":"https:\/\/internoverde.it\/eng\/wp-json\/wp\/v2\/posts\/12786","targetHints":{"allow":["GET"]}}],"collection":[{"href":"https:\/\/internoverde.it\/eng\/wp-json\/wp\/v2\/posts"}],"about":[{"href":"https:\/\/internoverde.it\/eng\/wp-json\/wp\/v2\/types\/post"}],"author":[{"embeddable":true,"href":"https:\/\/internoverde.it\/eng\/wp-json\/wp\/v2\/users\/2"}],"replies":[{"embeddable":true,"href":"https:\/\/internoverde.it\/eng\/wp-json\/wp\/v2\/comments?post=12786"}],"version-history":[{"count":13,"href":"https:\/\/internoverde.it\/eng\/wp-json\/wp\/v2\/posts\/12786\/revisions"}],"predecessor-version":[{"id":20335,"href":"https:\/\/internoverde.it\/eng\/wp-json\/wp\/v2\/posts\/12786\/revisions\/20335"}],"wp:featuredmedia":[{"embeddable":true,"href":"https:\/\/internoverde.it\/eng\/wp-json\/wp\/v2\/media\/19566"}],"wp:attachment":[{"href":"https:\/\/internoverde.it\/eng\/wp-json\/wp\/v2\/media?parent=12786"}],"wp:term":[{"taxonomy":"category","embeddable":true,"href":"https:\/\/internoverde.it\/eng\/wp-json\/wp\/v2\/categories?post=12786"},{"taxonomy":"post_tag","embeddable":true,"href":"https:\/\/internoverde.it\/eng\/wp-json\/wp\/v2\/tags?post=12786"}],"curies":[{"name":"wp","href":"https:\/\/api.w.org\/{rel}","templated":true}]}}