{"id":12632,"date":"2023-03-09T15:07:47","date_gmt":"2023-03-09T14:07:47","guid":{"rendered":"https:\/\/internoverde.it\/?p=12632"},"modified":"2025-02-25T16:32:17","modified_gmt":"2025-02-25T15:32:17","slug":"giardini-valentini","status":"publish","type":"post","link":"https:\/\/internoverde.it\/eng\/giardini-valentini\/","title":{"rendered":"Giardini Valentini"},"content":{"rendered":"<p>[et_pb_section fb_built=&#8221;1&#8243; _builder_version=&#8221;4.19.5&#8243; _module_preset=&#8221;default&#8221; custom_padding=&#8221;1px||3px|||&#8221; global_colors_info=&#8221;{}&#8221;][et_pb_row column_structure=&#8221;2_5,3_5&#8243; use_custom_gutter=&#8221;on&#8221; gutter_width=&#8221;1&#8243; make_equal=&#8221;on&#8221; _builder_version=&#8221;4.27.4&#8243; _module_preset=&#8221;default&#8221; background_color=&#8221;#f2f2f2&#8243; width=&#8221;100%&#8221; custom_margin=&#8221;-26px|auto||auto||&#8221; custom_padding=&#8221;0px||2px|||&#8221; hover_enabled=&#8221;0&#8243; global_colors_info=&#8221;{}&#8221; max_width=&#8221;2560px&#8221; sticky_enabled=&#8221;0&#8243;][et_pb_column type=&#8221;2_5&#8243; _builder_version=&#8221;4.19.5&#8243; _module_preset=&#8221;default&#8221; global_colors_info=&#8221;{}&#8221;][et_pb_text content_tablet=&#8221;<\/p>\n<p><b>Giardini Valentini<\/b><\/p>\n<p>&#8221; content_phone=&#8221;<\/p>\n<p><strong>Giardini Valentini<\/strong><\/p>\n<p>&#8221; content_last_edited=&#8221;on|phone&#8221; _builder_version=&#8221;4.20.2&#8243; _module_preset=&#8221;default&#8221; text_font=&#8221;unbaunded||||||||&#8221; text_text_color=&#8221;#dc143c&#8221; text_font_size=&#8221;50px&#8221; text_line_height=&#8221;1.1em&#8221; custom_margin=&#8221;||40px||false|false&#8221; custom_margin_tablet=&#8221;||40px||false|false&#8221; custom_margin_phone=&#8221;||40px||false|false&#8221; custom_margin_last_edited=&#8221;on|phone&#8221; custom_padding=&#8221;70px|||140px|false|false&#8221; custom_padding_tablet=&#8221;70px|||140px|false|false&#8221; custom_padding_phone=&#8221;|||40px|false|false&#8221; custom_padding_last_edited=&#8221;on|phone&#8221; text_font_size_tablet=&#8221;50px&#8221; text_font_size_phone=&#8221;30px&#8221; text_font_size_last_edited=&#8221;on|desktop&#8221; header_line_height_tablet=&#8221;&#8221; header_line_height_phone=&#8221;1em&#8221; header_line_height_last_edited=&#8221;on|phone&#8221; global_colors_info=&#8221;{}&#8221;]<\/p>\n<p><b>Giardini Valentini<\/b><b><\/b><\/p>\n<p>[\/et_pb_text][et_pb_text content_tablet=&#8221;<\/p>\n<h2>Corso Vittorio Emanuele 52, Mantova<\/h2>\n<p>&#8221; content_phone=&#8221;<\/p>\n<h2>Corso Vittorio Emanuele 52, Mantova<\/h2>\n<p>&#8221; content_last_edited=&#8221;on|phone&#8221; _builder_version=&#8221;4.20.2&#8243; _module_preset=&#8221;default&#8221; custom_margin=&#8221;|||140px|false|false&#8221; custom_margin_tablet=&#8221;|||140px|false|false&#8221; custom_margin_phone=&#8221;|||40px|false|false&#8221; custom_margin_last_edited=&#8221;on|phone&#8221; custom_padding=&#8221;||20px||false|false&#8221; global_colors_info=&#8221;{}&#8221;]<\/p>\n<h2>Corso Vittorio Emanuele 52, Mantova<\/h2>\n<p>[\/et_pb_text][\/et_pb_column][et_pb_column type=&#8221;3_5&#8243; _builder_version=&#8221;4.19.5&#8243; _module_preset=&#8221;default&#8221; background_enable_image=&#8221;off&#8221; global_colors_info=&#8221;{}&#8221;][et_pb_image src=&#8221;https:\/\/internoverde.it\/wp-content\/uploads\/2023\/03\/corso-vittorio-52-risultato-6.webp&#8221; align=&#8221;center&#8221; force_fullwidth=&#8221;on&#8221; _builder_version=&#8221;4.20.2&#8243; _module_preset=&#8221;default&#8221; module_alignment=&#8221;right&#8221; max_height=&#8221;100%&#8221; global_colors_info=&#8221;{}&#8221;][\/et_pb_image][\/et_pb_column][\/et_pb_row][et_pb_row _builder_version=&#8221;4.19.5&#8243; _module_preset=&#8221;default&#8221; global_colors_info=&#8221;{}&#8221;][et_pb_column type=&#8221;4_4&#8243; _builder_version=&#8221;4.19.5&#8243; _module_preset=&#8221;default&#8221; global_colors_info=&#8221;{}&#8221;][et_pb_text content_tablet=&#8221;<\/p>\n<h3><span><span>Gli ombrosi Giardini Valentini oggi rappresentano una bella scorciatoia verde per chi vuole passare velocemente da corso Vittorio Emanuele II a via Chiassi, uno spazio pubblico che conserva il suo carattere segreto, ombroso e silenzioso, infilato tra i palazzi e nascosto dal traffico. <\/span><\/span><span><span><\/span><\/span><span><span><\/span><\/span><\/h3>\n<p>&#8221; content_phone=&#8221;<\/p>\n<h3><span><span>Gli ombrosi Giardini Valentini oggi rappresentano una bella scorciatoia verde per chi vuole passare velocemente da corso Vittorio Emanuele II a via Chiassi, uno spazio pubblico che conserva il suo carattere segreto, ombroso e silenzioso, infilato tra i palazzi e nascosto dal traffico. <\/span><\/span><\/h3>\n<p>&#8221; content_last_edited=&#8221;on|phone&#8221; _builder_version=&#8221;4.21.0&#8243; _module_preset=&#8221;default&#8221; text_text_color=&#8221;#c62a44&#8243; text_font_size=&#8221;20px&#8221; header_2_font_size=&#8221;20px&#8221; header_3_font_size=&#8221;20px&#8221; header_3_line_height=&#8221;1.3em&#8221; custom_margin=&#8221;20px||20px||false|false&#8221; global_colors_info=&#8221;{}&#8221;]<\/p>\n<p style=\"text-align: center\"><span style=\"font-weight: 400\"><span style=\"font-weight: 400\">Gli ombrosi Giardini Valentini oggi rappresentano una bella scorciatoia verde per chi vuole passare velocemente da corso Vittorio Emanuele II a via Chiassi, uno spazio pubblico che conserva il suo carattere segreto, ombroso e silenzioso, infilato tra i palazzi e nascosto dal traffico. <\/span><\/span><span style=\"font-weight: 400;color: #ff0000\"><span style=\"font-weight: 400\"><\/span><\/span><span style=\"font-weight: 400;color: #ff0000\"><span style=\"font-weight: 400\"><\/span><\/span><\/p>\n<p>[\/et_pb_text][et_pb_text _builder_version=&#8221;4.20.2&#8243; _module_preset=&#8221;default&#8221; custom_margin=&#8221;20px||20px||false|false&#8221; global_colors_info=&#8221;{}&#8221;]<\/p>\n<p style=\"text-align: justify\"><span style=\"font-weight: 400\">Il parco nacque nei primi anni del XV secolo, quando Tommaso Strozzi volle costruire per il figlio Uberto uno splendido palazzo, arricchito di altrettanto splendidi giardini. Della nobile famiglia fiorentina egli fu il primo a insediarsi a Mantova, nel 1375. Qui cercava la pace che a Firenze non poteva pi\u00f9 avere, dato che una guerra intestina l\u2019aveva costretto a fuggire, ma anche il fasto di un bel contesto abitativo. La progettazione del verde fu guidata dal tipico gusto toscano. Nelle mappe disegnate dal Bertazzolo &#8211; sia in quella del 1596 che in quella del 1628 \u2013 sono evidenti sia l\u2019abitazione che il giardino, composto da varie aiuole geometriche in stile rinascimentale e dall\u2019orto. La prima descrizione risale al 1750, ovvero all\u2019atto notarile che determina la divisione dei beni di famiglia. Vicino all\u2019edificio era probabilmente rimasto l\u2019impianto rinascimentale, la maggior parte della superficie era destinata alla coltivazione, e vi erano state inserite costruzioni di servizio, come le scuderie e la rimessa per le carrozze. <\/span><span style=\"font-weight: 400\"><\/span><span style=\"font-weight: 400\"><\/span><\/p>\n<p>[\/et_pb_text][et_pb_post_nav in_same_term=&#8221;on&#8221; taxonomy_name=&#8221;Articoli&#8221; show_prev=&#8221;off&#8221; show_next=&#8221;off&#8221; _builder_version=&#8221;4.19.5&#8243; _module_preset=&#8221;default&#8221; global_colors_info=&#8221;{}&#8221;][\/et_pb_post_nav][\/et_pb_column][\/et_pb_row][et_pb_row column_structure=&#8221;1_3,1_3,1_3&#8243; use_custom_gutter=&#8221;on&#8221; gutter_width=&#8221;1&#8243; make_equal=&#8221;on&#8221; _builder_version=&#8221;4.27.4&#8243; _module_preset=&#8221;default&#8221; width=&#8221;100%&#8221; module_alignment=&#8221;center&#8221; custom_margin=&#8221;0px|0px|0px|0px|false|false&#8221; custom_padding=&#8221;0px|0px|0px|0px|false|false&#8221; hover_enabled=&#8221;0&#8243; global_colors_info=&#8221;{}&#8221; max_width=&#8221;2560px&#8221; sticky_enabled=&#8221;0&#8243;][et_pb_column type=&#8221;1_3&#8243; _builder_version=&#8221;4.19.5&#8243; _module_preset=&#8221;default&#8221; background_enable_image=&#8221;off&#8221; background_size=&#8221;stretch&#8221; custom_padding=&#8221;0px|0px|0px|0px|false|false&#8221; global_colors_info=&#8221;{}&#8221;][et_pb_image src=&#8221;https:\/\/internoverde.it\/wp-content\/uploads\/2023\/03\/corso-vittorio-52-risultato-4.webp&#8221; _builder_version=&#8221;4.20.2&#8243; _module_preset=&#8221;default&#8221; global_colors_info=&#8221;{}&#8221;][\/et_pb_image][\/et_pb_column][et_pb_column type=&#8221;1_3&#8243; _builder_version=&#8221;4.19.5&#8243; _module_preset=&#8221;default&#8221; background_enable_image=&#8221;off&#8221; background_size=&#8221;stretch&#8221; global_colors_info=&#8221;{}&#8221;][et_pb_image src=&#8221;https:\/\/internoverde.it\/wp-content\/uploads\/2023\/03\/corso-vittorio-52-risultato-5.webp&#8221; _builder_version=&#8221;4.20.2&#8243; _module_preset=&#8221;default&#8221; global_colors_info=&#8221;{}&#8221;][\/et_pb_image][\/et_pb_column][et_pb_column type=&#8221;1_3&#8243; _builder_version=&#8221;4.19.5&#8243; _module_preset=&#8221;default&#8221; background_enable_image=&#8221;off&#8221; global_colors_info=&#8221;{}&#8221;][et_pb_image src=&#8221;https:\/\/internoverde.it\/wp-content\/uploads\/2023\/03\/corso-vittorio-52-risultato-2.webp&#8221; _builder_version=&#8221;4.20.2&#8243; _module_preset=&#8221;default&#8221; global_colors_info=&#8221;{}&#8221;][\/et_pb_image][\/et_pb_column][\/et_pb_row][et_pb_row _builder_version=&#8221;4.19.5&#8243; _module_preset=&#8221;default&#8221; global_colors_info=&#8221;{}&#8221;][et_pb_column type=&#8221;4_4&#8243; _builder_version=&#8221;4.19.5&#8243; _module_preset=&#8221;default&#8221; global_colors_info=&#8221;{}&#8221;][et_pb_text _builder_version=&#8221;4.20.2&#8243; _module_preset=&#8221;default&#8221; global_colors_info=&#8221;{}&#8221;]<\/p>\n<p style=\"text-align: justify\"><span style=\"font-weight: 400\">Nel 1863 l\u2019area raddoppi\u00f2 la propria estensione, con l\u2019acquisizione del palazzo e del terreno dei vicini, i marchesi Torelli. Il marchese Luigi, nato in Polonia e cresciuto a Vienna, dove frequentava l\u2019Accademia del Genio, volle questo ampliamento nella speranza di allestire una scuola di ingegneria militare, atta ad ospitare fino a sessanta allievi, ma la sua proposta fu rifiutata dal Ministro della Guerra. Egli costitu\u00ec anche il parco paesaggistico, che pare fosse popolato da animali liberi, come i cervi. Successivamente, nel 1896, l\u2019intera propriet\u00e0 pass\u00f2 ai Valentini \u2013 di cui la toponomastica conserva il nome \u2013 e nel 1950 l\u2019area verde venne acquistata dal Comune, che la inaugur\u00f2 nel 1958. All\u2019epoca il parco era pi\u00f9 grande dell\u2019attuale, perch\u00e9 non erano ancora stati costruiti i condomini affacciati su via Frutta.<\/span><span style=\"font-weight: 400\"><\/span><\/p>\n<p>[\/et_pb_text][\/et_pb_column][\/et_pb_row][et_pb_row column_structure=&#8221;1_2,1_2&#8243; use_custom_gutter=&#8221;on&#8221; gutter_width=&#8221;1&#8243; _builder_version=&#8221;4.27.4&#8243; _module_preset=&#8221;default&#8221; background_enable_image=&#8221;off&#8221; background_size=&#8221;stretch&#8221; width=&#8221;100%&#8221; module_alignment=&#8221;center&#8221; height=&#8221;400px&#8221; custom_padding=&#8221;0px||1px|||&#8221; hover_enabled=&#8221;0&#8243; global_colors_info=&#8221;{}&#8221; max_width=&#8221;2560px&#8221; sticky_enabled=&#8221;0&#8243;][et_pb_column type=&#8221;1_2&#8243; _builder_version=&#8221;4.19.5&#8243; _module_preset=&#8221;default&#8221; background_enable_image=&#8221;off&#8221; background_size=&#8221;stretch&#8221; global_colors_info=&#8221;{}&#8221;][et_pb_image src=&#8221;https:\/\/internoverde.it\/wp-content\/uploads\/2023\/03\/corso-vittorio-52-risultato-3.webp&#8221; _builder_version=&#8221;4.20.2&#8243; _module_preset=&#8221;default&#8221; global_colors_info=&#8221;{}&#8221;][\/et_pb_image][\/et_pb_column][et_pb_column type=&#8221;1_2&#8243; _builder_version=&#8221;4.19.5&#8243; _module_preset=&#8221;default&#8221; background_enable_image=&#8221;off&#8221; background_size=&#8221;stretch&#8221; global_colors_info=&#8221;{}&#8221;][et_pb_image src=&#8221;https:\/\/internoverde.it\/wp-content\/uploads\/2023\/03\/corso-vittorio-52-risultato-1.webp&#8221; _builder_version=&#8221;4.20.2&#8243; _module_preset=&#8221;default&#8221; global_colors_info=&#8221;{}&#8221;][\/et_pb_image][\/et_pb_column][\/et_pb_row][et_pb_row _builder_version=&#8221;4.19.5&#8243; _module_preset=&#8221;default&#8221; custom_padding=&#8221;||0px|||&#8221; global_colors_info=&#8221;{}&#8221;][et_pb_column type=&#8221;4_4&#8243; _builder_version=&#8221;4.19.5&#8243; _module_preset=&#8221;default&#8221; global_colors_info=&#8221;{}&#8221;][et_pb_text _builder_version=&#8221;4.20.2&#8243; _module_preset=&#8221;default&#8221; custom_margin=&#8221;20px||||false|false&#8221; global_colors_info=&#8221;{}&#8221;]<\/p>\n<p style=\"text-align: justify\"><span style=\"font-weight: 400\">Erano per\u00f2 gi\u00e0 presenti i giochi dei bambini, segno che la frequentazione da parte dei cittadini non era dissimile da quella attuale. Nel 2016 i Giardini Valentini sono stati oggetto di un importante, seppur parziale, intervento di conservazione integrata. Sono state ridisegnate le aiuole originarie e sono stati ripristinati i vialetti in ghiaia, per i quali \u00e8 stata utilizzata una speciale graniglia resinata, che pu\u00f2 essere percorsa facilmente anche dalle persone con disabilit\u00e0. Sono stati allestiti i giochi per i pi\u00f9 piccoli e un\u2019area \u00e8 stata riservata ai cani, si \u00e8 realizzato l\u2019impianto di illuminazione e di irrigazione. Oggi qui crescono il bagolaro, il bagolaro americano, il tiglio, il cedro dell\u2019Atlante, il peccio, il noce nero, l\u2019acero negundo, l\u2019ippocastano, la sofora, il tasso. Un giovane gingko \u00e8 stato piantato recentemente per sostituire un esemplare che nel 2017 si \u00e8 dovuto purtroppo abbattere, per deperimento fisiologico e strutturale. Nelle aiuole, tappezzate con le sempreverdi tipiche del giardino romantico, si incontrano il pungitopo, le felci, le ortensie, la reineckea, la barba di capra, l\u2019acanto, la liriope, l\u2019epimedium hybridum.<\/span><span style=\"font-weight: 400\"><\/span><\/p>\n<p>[\/et_pb_text][et_pb_button button_url=&#8221;https:\/\/internoverde.it\/giardinoteca\/&#8221; button_text=&#8221;Giardinoteca&#8221; button_alignment=&#8221;center&#8221; _builder_version=&#8221;4.19.5&#8243; _module_preset=&#8221;default&#8221; custom_button=&#8221;on&#8221; button_text_size=&#8221;20px&#8221; button_text_color=&#8221;#ffffff&#8221; button_bg_color=&#8221;#dc143c&#8221; button_border_width=&#8221;0px&#8221; button_border_radius=&#8221;25px&#8221; button_icon=&#8221;&#xf4d8;||fa||900&#8243; button_icon_color=&#8221;#ffffff&#8221; global_colors_info=&#8221;{}&#8221;][\/et_pb_button][\/et_pb_column][\/et_pb_row][\/et_pb_section]<\/p>\n","protected":false},"excerpt":{"rendered":"<p>Gli ombrosi Giardini Valentini oggi rappresentano una bella scorciatoia verde per chi vuole passare velocemente da corso Vittorio Emanuele II a via Chiassi, uno spazio pubblico che conserva il suo carattere segreto, ombroso e silenzioso, infilato tra i palazzi e nascosto dal traffico. <\/p>","protected":false},"author":2,"featured_media":12663,"comment_status":"open","ping_status":"open","sticky":false,"template":"","format":"standard","meta":{"_et_pb_use_builder":"on","_et_pb_old_content":"","_et_gb_content_width":"","footnotes":""},"categories":[34,129],"tags":[],"class_list":["post-12632","post","type-post","status-publish","format-standard","has-post-thumbnail","hentry","category-giardini-aperti","category-mantova"],"aioseo_notices":[],"_links":{"self":[{"href":"https:\/\/internoverde.it\/eng\/wp-json\/wp\/v2\/posts\/12632","targetHints":{"allow":["GET"]}}],"collection":[{"href":"https:\/\/internoverde.it\/eng\/wp-json\/wp\/v2\/posts"}],"about":[{"href":"https:\/\/internoverde.it\/eng\/wp-json\/wp\/v2\/types\/post"}],"author":[{"embeddable":true,"href":"https:\/\/internoverde.it\/eng\/wp-json\/wp\/v2\/users\/2"}],"replies":[{"embeddable":true,"href":"https:\/\/internoverde.it\/eng\/wp-json\/wp\/v2\/comments?post=12632"}],"version-history":[{"count":7,"href":"https:\/\/internoverde.it\/eng\/wp-json\/wp\/v2\/posts\/12632\/revisions"}],"predecessor-version":[{"id":24790,"href":"https:\/\/internoverde.it\/eng\/wp-json\/wp\/v2\/posts\/12632\/revisions\/24790"}],"wp:featuredmedia":[{"embeddable":true,"href":"https:\/\/internoverde.it\/eng\/wp-json\/wp\/v2\/media\/12663"}],"wp:attachment":[{"href":"https:\/\/internoverde.it\/eng\/wp-json\/wp\/v2\/media?parent=12632"}],"wp:term":[{"taxonomy":"category","embeddable":true,"href":"https:\/\/internoverde.it\/eng\/wp-json\/wp\/v2\/categories?post=12632"},{"taxonomy":"post_tag","embeddable":true,"href":"https:\/\/internoverde.it\/eng\/wp-json\/wp\/v2\/tags?post=12632"}],"curies":[{"name":"wp","href":"https:\/\/api.w.org\/{rel}","templated":true}]}}