{"id":12607,"date":"2023-03-09T13:08:09","date_gmt":"2023-03-09T12:08:09","guid":{"rendered":"https:\/\/internoverde.it\/?p=12607"},"modified":"2025-02-25T17:22:59","modified_gmt":"2025-02-25T16:22:59","slug":"palazzo-dalla-rosa-prati","status":"publish","type":"post","link":"https:\/\/internoverde.it\/eng\/palazzo-dalla-rosa-prati\/","title":{"rendered":"Palazzo Dalla Rosa Prati"},"content":{"rendered":"<p>[et_pb_section fb_built=&#8221;1&#8243; _builder_version=&#8221;4.19.5&#8243; _module_preset=&#8221;default&#8221; custom_padding=&#8221;1px||3px|||&#8221; global_colors_info=&#8221;{}&#8221;][et_pb_row column_structure=&#8221;2_5,3_5&#8243; use_custom_gutter=&#8221;on&#8221; gutter_width=&#8221;1&#8243; make_equal=&#8221;on&#8221; _builder_version=&#8221;4.24.3&#8243; _module_preset=&#8221;default&#8221; background_color=&#8221;#f2f2f2&#8243; width=&#8221;100%&#8221; max_width=&#8221;2560px&#8221; custom_margin=&#8221;-26px|auto||auto||&#8221; custom_padding=&#8221;0px||2px|||&#8221; global_colors_info=&#8221;{}&#8221;][et_pb_column type=&#8221;2_5&#8243; _builder_version=&#8221;4.19.5&#8243; _module_preset=&#8221;default&#8221; global_colors_info=&#8221;{}&#8221;][et_pb_text content_tablet=&#8221;<\/p>\n<p><b>Palazzo Dalla Rosa Prati<\/b><\/p>\n<p>&#8221; content_phone=&#8221;<\/p>\n<p><strong>Palazzo Dalla Rosa Prati<\/strong><\/p>\n<p>&#8221; content_last_edited=&#8221;on|phone&#8221; _builder_version=&#8221;4.27.4&#8243; _module_preset=&#8221;default&#8221; text_font=&#8221;unbaunded||||||||&#8221; text_text_color=&#8221;#dc143c&#8221; text_font_size=&#8221;50px&#8221; text_line_height=&#8221;1.1em&#8221; min_height=&#8221;223px&#8221; custom_margin_tablet=&#8221;||40px||false|false&#8221; custom_margin_phone=&#8221;||0px||false|false&#8221; custom_margin_last_edited=&#8221;on|phone&#8221; custom_padding=&#8221;70px|||140px|false|false&#8221; custom_padding_tablet=&#8221;70px|||140px|false|false&#8221; custom_padding_phone=&#8221;|||40px|false|false&#8221; custom_padding_last_edited=&#8221;on|phone&#8221; hover_enabled=&#8221;0&#8243; text_font_size_tablet=&#8221;50px&#8221; text_font_size_phone=&#8221;30px&#8221; text_font_size_last_edited=&#8221;on|desktop&#8221; header_line_height_tablet=&#8221;&#8221; header_line_height_phone=&#8221;1em&#8221; header_line_height_last_edited=&#8221;on|phone&#8221; global_colors_info=&#8221;{}&#8221; sticky_enabled=&#8221;0&#8243;]<\/p>\n<p style=\"text-align: left\"><b>Palazzo Dalla Rosa Prati<\/b><\/p>\n<p>[\/et_pb_text][et_pb_text content_tablet=&#8221;<\/p>\n<h2>Strada Duomo 7, Parma<\/h2>\n<p>&#8221; content_phone=&#8221;<\/p>\n<h2>Strada Duomo 7, Parma<\/h2>\n<p>&#8221; content_last_edited=&#8221;on|phone&#8221; _builder_version=&#8221;4.24.3&#8243; _module_preset=&#8221;default&#8221; custom_margin=&#8221;|||140px|false|false&#8221; custom_margin_tablet=&#8221;|||140px|false|false&#8221; custom_margin_phone=&#8221;|||40px|false|false&#8221; custom_margin_last_edited=&#8221;on|phone&#8221; custom_padding=&#8221;||20px||false|false&#8221; global_colors_info=&#8221;{}&#8221;]<\/p>\n<h2 style=\"text-align: justify\">Strada Duomo 7, Parma<\/h2>\n<p>[\/et_pb_text][et_pb_button button_url=&#8221;https:\/\/internoverde.bandcamp.com\/track\/strada-duomo-7-audiolibro-interno-verde-parma&#8221; url_new_window=&#8221;on&#8221; button_text=&#8221;Ascolta l&#8217;audio&#8221; button_alignment=&#8221;left&#8221; button_alignment_tablet=&#8221;left&#8221; button_alignment_phone=&#8221;left&#8221; button_alignment_last_edited=&#8221;on|phone&#8221; _builder_version=&#8221;4.24.3&#8243; _module_preset=&#8221;default&#8221; custom_button=&#8221;on&#8221; button_text_size=&#8221;20px&#8221; button_bg_color=&#8221;RGBA(255,255,255,0)&#8221; button_border_radius=&#8221;25px&#8221; button_icon=&#8221;&#xf025;||fa||900&#8243; button_icon_color=&#8221;#dc143c&#8221; custom_margin=&#8221;30px||30px|140px|false|false&#8221; custom_margin_tablet=&#8221;30px||30px|140px|false|false&#8221; custom_margin_phone=&#8221;|||30px|false|false&#8221; custom_margin_last_edited=&#8221;on|phone&#8221; custom_padding=&#8221;||||false|false&#8221; global_colors_info=&#8221;{}&#8221;][\/et_pb_button][\/et_pb_column][et_pb_column type=&#8221;3_5&#8243; _builder_version=&#8221;4.19.5&#8243; _module_preset=&#8221;default&#8221; background_enable_image=&#8221;off&#8221; global_colors_info=&#8221;{}&#8221;][et_pb_image src=&#8221;https:\/\/internoverde.it\/wp-content\/uploads\/2023\/03\/Strada-Duomo-7-2_risultato.webp&#8221; _builder_version=&#8221;4.20.2&#8243; _module_preset=&#8221;default&#8221; global_colors_info=&#8221;{}&#8221;][\/et_pb_image][\/et_pb_column][\/et_pb_row][et_pb_row _builder_version=&#8221;4.19.5&#8243; _module_preset=&#8221;default&#8221; custom_padding=&#8221;||0px|||&#8221; global_colors_info=&#8221;{}&#8221;][et_pb_column type=&#8221;4_4&#8243; _builder_version=&#8221;4.19.5&#8243; _module_preset=&#8221;default&#8221; global_colors_info=&#8221;{}&#8221;][et_pb_text content_tablet=&#8221;<\/p>\n<h3><span>Varcare la porta dell\u2019elegante Palazzo Dalla Rosa Prati significa immergersi nel passato nobiliare di Parma. Non solo perch\u00e9 l\u2019edificio ha origini antichissime, ed \u00e8 documentato gi\u00e0 nel Duecento tra le propriet\u00e0 della famiglia Adami &#8211; famiglia alla quale apparteneva fra\u2019 Salimbene de Adam, tra i pi\u00f9 significativi cronisti dell\u2019epoca. Anche e soprattutto perch\u00e9 a questo palazzo furono legati personaggi che ebbero un ruolo di primo piano nel determinare il corso della storia cittadina. <\/span><\/h3>\n<p>&#8221; content_phone=&#8221;<\/p>\n<h3><span>Varcare la porta dell\u2019elegante Palazzo Dalla Rosa Prati significa immergersi nel passato nobiliare di Parma. Non solo perch\u00e9 l\u2019edificio ha origini antichissime, ed \u00e8 documentato gi\u00e0 nel Duecento tra le propriet\u00e0 della famiglia Adami &#8211; famiglia alla quale apparteneva fra\u2019 Salimbene de Adam, tra i pi\u00f9 significativi cronisti dell\u2019epoca. Anche e soprattutto perch\u00e9 a questo palazzo furono legati personaggi che ebbero un ruolo di primo piano nel determinare il corso della storia cittadina. <\/span><\/h3>\n<p>&#8221; content_last_edited=&#8221;on|phone&#8221; _builder_version=&#8221;4.21.0&#8243; _module_preset=&#8221;default&#8221; text_font_size=&#8221;20px&#8221; header_2_font_size=&#8221;20px&#8221; header_3_font_size=&#8221;20px&#8221; header_3_line_height=&#8221;1.3em&#8221; custom_margin=&#8221;20px||20px||false|false&#8221; global_colors_info=&#8221;{}&#8221;]<\/p>\n<h3 style=\"text-align: center\"><span style=\"font-weight: 400\">Varcare la porta dell\u2019elegante Palazzo Dalla Rosa Prati significa immergersi nel passato nobiliare di Parma. Non solo perch\u00e9 l\u2019edificio ha origini antichissime, ed \u00e8 documentato gi\u00e0 nel Duecento tra le propriet\u00e0 della famiglia Adami &#8211; famiglia alla quale apparteneva fra\u2019 Salimbene de Adam, tra i pi\u00f9 significativi cronisti dell\u2019epoca. Anche e soprattutto perch\u00e9 a questo palazzo furono legati personaggi che ebbero un ruolo di primo piano nel determinare il corso della storia cittadina. <\/span><\/h3>\n<p>[\/et_pb_text][et_pb_text _builder_version=&#8221;4.20.2&#8243; _module_preset=&#8221;default&#8221; custom_margin=&#8221;20px||20px||false|false&#8221; global_colors_info=&#8221;{}&#8221;]<\/p>\n<p style=\"text-align: justify\"><span style=\"font-weight: 400\">L\u2019immobile pass\u00f2 nel Quattrocento alla famiglia Prati, casata di toga. Nel suo albero genealogico si incontra Bartolomeo, dottore collegiato, ricordato alla sua morte con un monumento collocato all\u2019interno del Duomo, e Antonio Maria, notaio ma non solo, scrittore e poeta, attivo nel Seicento, quando la famiglia venne insignita del titolo di marchesi di Collecchio. <\/span><\/p>\n<p>[\/et_pb_text][et_pb_post_nav in_same_term=&#8221;on&#8221; taxonomy_name=&#8221;Articoli&#8221; show_prev=&#8221;off&#8221; show_next=&#8221;off&#8221; _builder_version=&#8221;4.19.5&#8243; _module_preset=&#8221;default&#8221; global_colors_info=&#8221;{}&#8221;][\/et_pb_post_nav][\/et_pb_column][\/et_pb_row][et_pb_row _builder_version=&#8221;4.19.5&#8243; _module_preset=&#8221;default&#8221; global_colors_info=&#8221;{}&#8221;][et_pb_column type=&#8221;4_4&#8243; _builder_version=&#8221;4.19.5&#8243; _module_preset=&#8221;default&#8221; global_colors_info=&#8221;{}&#8221;][et_pb_text _builder_version=&#8221;4.20.2&#8243; _module_preset=&#8221;default&#8221; global_colors_info=&#8221;{}&#8221;]<\/p>\n<p style=\"text-align: justify\"><span style=\"font-weight: 400\">L\u2019attuale doppia intitolazione del palazzo risale al 1694, ovvero al matrimonio tra Marianna e Pier Luigi Dalla Rosa, giureconsulto, inviato da Francesco Farnese in Olanda alla Dieta di Ryswick, per chiedere all\u2019imperatore Leopoldo I di ridurre la pressione fiscale: <b>\u00ab<\/b>se fosse morto il Duca non ci sarebbero stati soldi per seppellirlo!<b>\u00bb<\/b>. Anche il diplomatico proveniva da una pi\u00f9 che ragguardevole dinastia. Tra i suoi avi si ricorda Scipione, legato straordinario della comunit\u00e0 di Parma a cui si deve la venuta in citt\u00e0 del celebre pittore Correggio, oltre che la costruzione della tribuna sopra l\u2019altare maggiore nella chiesa della Steccata. Tra i suoi discendenti invece si possono menzionare Filippo e Guido Dalla Rosa Prati. Il primo, vissuto a cavallo tra il Settecento e l\u2019Ottocento, ebbe come padrino il duca Filippo di Borbone e fu podest\u00e0 della citt\u00e0, capo delle Belle Arti, presidente dell\u2019Universit\u00e0, ciambellano e consigliere intimo della duchessa. Il secondo, nell\u2019Ottocento, fu docente e uomo politico: oltre ad essere stato sindaco e deputato al Parlamento, si impegn\u00f2 come docente di matematica e fu il primo a scoprire le virt\u00f9 terapeutiche dell\u2019acqua di Salsomaggiore. <\/span><\/p>\n<p style=\"text-align: justify\"><span style=\"font-weight: 400\"><\/span><\/p>\n<p>[\/et_pb_text][\/et_pb_column][\/et_pb_row][et_pb_row column_structure=&#8221;1_2,1_2&#8243; use_custom_gutter=&#8221;on&#8221; gutter_width=&#8221;1&#8243; _builder_version=&#8221;4.24.2&#8243; _module_preset=&#8221;default&#8221; background_enable_image=&#8221;off&#8221; background_size=&#8221;stretch&#8221; width=&#8221;100%&#8221; max_width=&#8221;2560px&#8221; module_alignment=&#8221;center&#8221; height=&#8221;400px&#8221; custom_padding=&#8221;0px||1px|||&#8221; global_colors_info=&#8221;{}&#8221;][et_pb_column type=&#8221;1_2&#8243; _builder_version=&#8221;4.19.5&#8243; _module_preset=&#8221;default&#8221; background_enable_image=&#8221;off&#8221; background_size=&#8221;stretch&#8221; global_colors_info=&#8221;{}&#8221;][et_pb_image src=&#8221;https:\/\/internoverde.it\/wp-content\/uploads\/2023\/03\/Strada-Duomo-7-1_risultato.webp&#8221; _builder_version=&#8221;4.24.2&#8243; _module_preset=&#8221;default&#8221; global_colors_info=&#8221;{}&#8221;][\/et_pb_image][\/et_pb_column][et_pb_column type=&#8221;1_2&#8243; _builder_version=&#8221;4.19.5&#8243; _module_preset=&#8221;default&#8221; background_enable_image=&#8221;off&#8221; background_size=&#8221;stretch&#8221; global_colors_info=&#8221;{}&#8221;][et_pb_image src=&#8221;https:\/\/internoverde.it\/wp-content\/uploads\/2023\/03\/Strada-Duomo-7-6_risultato.webp&#8221; _builder_version=&#8221;4.24.2&#8243; _module_preset=&#8221;default&#8221; global_colors_info=&#8221;{}&#8221;][\/et_pb_image][\/et_pb_column][\/et_pb_row][et_pb_row _builder_version=&#8221;4.19.5&#8243; _module_preset=&#8221;default&#8221; custom_padding=&#8221;||0px|||&#8221; global_colors_info=&#8221;{}&#8221;][et_pb_column type=&#8221;4_4&#8243; _builder_version=&#8221;4.19.5&#8243; _module_preset=&#8221;default&#8221; global_colors_info=&#8221;{}&#8221;][et_pb_text _builder_version=&#8221;4.21.0&#8243; _module_preset=&#8221;default&#8221; custom_margin=&#8221;20px||||false|false&#8221; global_colors_info=&#8221;{}&#8221;]<\/p>\n<p style=\"text-align: justify\"><span style=\"font-weight: 400\">Tra gli inquilini pi\u00f9 recenti si ricorda l\u2019artista Remo Gaibazzi, che abitava insieme alla famiglia all\u2019ultimo piano fino a non troppi anni fa, e che tanti ricordano ancora per le lunghe soste contemplative, sul gradino del vicino battistero. <\/span><span style=\"font-weight: 400\">Il palazzo &#8211; appartenente al circuito delle Dimore Storiche &#8211; oggi si presenta nel suo raffinato aspetto settecentesco, come testimoniano nell\u2019ampio cortile le balconate in ferro battuto e il gioco degli archi. Un saluto al maestoso glicine che si arrampica di piano in piano \u00e8 un vero e proprio <i>must<\/i> nel mese di aprile, quando la pianta pi\u00f9 che centenaria fiorisce spandendo il proprio profumo fino alla vicina piazza Duomo. <\/span><\/p>\n<p style=\"text-align: justify\"><span style=\"font-weight: 400\"><\/span><\/p>\n<p>[\/et_pb_text][et_pb_button button_url=&#8221;https:\/\/internoverde.it\/giardinoteca\/&#8221; button_text=&#8221;Giardinoteca&#8221; button_alignment=&#8221;center&#8221; _builder_version=&#8221;4.19.5&#8243; _module_preset=&#8221;default&#8221; custom_button=&#8221;on&#8221; button_text_size=&#8221;20px&#8221; button_text_color=&#8221;#ffffff&#8221; button_bg_color=&#8221;#dc143c&#8221; button_border_width=&#8221;0px&#8221; button_border_radius=&#8221;25px&#8221; button_icon=&#8221;&#xf4d8;||fa||900&#8243; button_icon_color=&#8221;#ffffff&#8221; global_colors_info=&#8221;{}&#8221;][\/et_pb_button][\/et_pb_column][\/et_pb_row][\/et_pb_section]<\/p>\n","protected":false},"excerpt":{"rendered":"<p>Varcare la porta dell\u2019elegante Palazzo Dalla Rosa Prati significa immergersi nel passato nobiliare di Parma. Non solo perch\u00e9 l\u2019edificio ha origini antichissime, ed \u00e8 documentato gi\u00e0 nel Duecento tra le propriet\u00e0 della famiglia Adami &#8211; famiglia alla quale apparteneva fra\u2019 Salimbene de Adam, tra i pi\u00f9 significativi cronisti dell\u2019epoca. Anche e soprattutto perch\u00e9 a questo palazzo furono legati personaggi che ebbero un ruolo di primo piano nel determinare il corso della storia cittadina. <\/p>","protected":false},"author":2,"featured_media":12611,"comment_status":"closed","ping_status":"open","sticky":false,"template":"","format":"standard","meta":{"_et_pb_use_builder":"on","_et_pb_old_content":"","_et_gb_content_width":"","footnotes":""},"categories":[34,130,168,167],"tags":[],"class_list":["post-12607","post","type-post","status-publish","format-standard","has-post-thumbnail","hentry","category-giardini-aperti","category-parma","category-parma-23","category-parma-24"],"aioseo_notices":[],"_links":{"self":[{"href":"https:\/\/internoverde.it\/eng\/wp-json\/wp\/v2\/posts\/12607","targetHints":{"allow":["GET"]}}],"collection":[{"href":"https:\/\/internoverde.it\/eng\/wp-json\/wp\/v2\/posts"}],"about":[{"href":"https:\/\/internoverde.it\/eng\/wp-json\/wp\/v2\/types\/post"}],"author":[{"embeddable":true,"href":"https:\/\/internoverde.it\/eng\/wp-json\/wp\/v2\/users\/2"}],"replies":[{"embeddable":true,"href":"https:\/\/internoverde.it\/eng\/wp-json\/wp\/v2\/comments?post=12607"}],"version-history":[{"count":14,"href":"https:\/\/internoverde.it\/eng\/wp-json\/wp\/v2\/posts\/12607\/revisions"}],"predecessor-version":[{"id":24828,"href":"https:\/\/internoverde.it\/eng\/wp-json\/wp\/v2\/posts\/12607\/revisions\/24828"}],"wp:featuredmedia":[{"embeddable":true,"href":"https:\/\/internoverde.it\/eng\/wp-json\/wp\/v2\/media\/12611"}],"wp:attachment":[{"href":"https:\/\/internoverde.it\/eng\/wp-json\/wp\/v2\/media?parent=12607"}],"wp:term":[{"taxonomy":"category","embeddable":true,"href":"https:\/\/internoverde.it\/eng\/wp-json\/wp\/v2\/categories?post=12607"},{"taxonomy":"post_tag","embeddable":true,"href":"https:\/\/internoverde.it\/eng\/wp-json\/wp\/v2\/tags?post=12607"}],"curies":[{"name":"wp","href":"https:\/\/api.w.org\/{rel}","templated":true}]}}