{"id":12257,"date":"2023-03-08T13:10:17","date_gmt":"2023-03-08T12:10:17","guid":{"rendered":"https:\/\/internoverde.it\/?p=12257"},"modified":"2024-04-03T12:49:47","modified_gmt":"2024-04-03T10:49:47","slug":"sorpresa","status":"publish","type":"post","link":"https:\/\/internoverde.it\/eng\/sorpresa\/","title":{"rendered":"Sorpresa!"},"content":{"rendered":"<p>[et_pb_section fb_built=&#8221;1&#8243; _builder_version=&#8221;4.19.5&#8243; _module_preset=&#8221;default&#8221; custom_padding=&#8221;1px||3px|||&#8221; global_colors_info=&#8221;{}&#8221;][et_pb_row column_structure=&#8221;2_5,3_5&#8243; use_custom_gutter=&#8221;on&#8221; gutter_width=&#8221;1&#8243; make_equal=&#8221;on&#8221; _builder_version=&#8221;4.24.2&#8243; _module_preset=&#8221;default&#8221; background_color=&#8221;#f2f2f2&#8243; width=&#8221;100%&#8221; custom_margin=&#8221;-26px|auto||auto||&#8221; custom_padding=&#8221;0px||2px|||&#8221; hover_enabled=&#8221;0&#8243; global_colors_info=&#8221;{}&#8221; max_width=&#8221;2560px&#8221; sticky_enabled=&#8221;0&#8243;][et_pb_column type=&#8221;2_5&#8243; _builder_version=&#8221;4.19.5&#8243; _module_preset=&#8221;default&#8221; global_colors_info=&#8221;{}&#8221;][et_pb_text content_tablet=&#8221;<\/p>\n<p><b>Sorpresa!<\/b><\/p>\n<p>&#8221; content_phone=&#8221;<\/p>\n<p style=%22text-align: justify;%22><strong>Sorpresa!<\/strong><\/p>\n<p>&#8221; content_last_edited=&#8221;on|phone&#8221; _builder_version=&#8221;4.20.1&#8243; _module_preset=&#8221;default&#8221; text_font=&#8221;unbaunded||||||||&#8221; text_text_color=&#8221;#dc143c&#8221; text_font_size=&#8221;50px&#8221; text_line_height=&#8221;1.1em&#8221; custom_margin=&#8221;||40px||false|false&#8221; custom_margin_tablet=&#8221;||40px||false|false&#8221; custom_margin_phone=&#8221;||40px||false|false&#8221; custom_margin_last_edited=&#8221;on|phone&#8221; custom_padding=&#8221;70px|||140px|false|false&#8221; custom_padding_tablet=&#8221;70px|||140px|false|false&#8221; custom_padding_phone=&#8221;|||40px|false|false&#8221; custom_padding_last_edited=&#8221;on|phone&#8221; text_font_size_tablet=&#8221;50px&#8221; text_font_size_phone=&#8221;30px&#8221; text_font_size_last_edited=&#8221;on|desktop&#8221; header_line_height_tablet=&#8221;&#8221; header_line_height_phone=&#8221;1em&#8221; header_line_height_last_edited=&#8221;on|phone&#8221; global_colors_info=&#8221;{}&#8221;]<\/p>\n<p style=\"text-align: left;\"><b>Sorpresa!<\/b><\/p>\n<p>[\/et_pb_text][et_pb_text content_tablet=&#8221;<\/p>\n<h2>Borgo Regale 21, Parma<\/h2>\n<p>&#8221; content_phone=&#8221;<\/p>\n<h2 style=%22text-align: justify;%22>Borgo Regale 21, Parma<\/h2>\n<p>&#8221; content_last_edited=&#8221;on|tablet&#8221; _builder_version=&#8221;4.20.1&#8243; _module_preset=&#8221;default&#8221; custom_margin=&#8221;|||140px|false|false&#8221; custom_margin_tablet=&#8221;|||140px|false|false&#8221; custom_margin_phone=&#8221;|||40px|false|false&#8221; custom_margin_last_edited=&#8221;on|phone&#8221; custom_padding=&#8221;||||false|false&#8221; global_colors_info=&#8221;{}&#8221;]<\/p>\n<h2 style=\"text-align: left;\">Borgo Regale 21, Parma<\/h2>\n<p>[\/et_pb_text][et_pb_button button_url=&#8221;https:\/\/internoverde.bandcamp.com\/track\/borgo-regale-21-audiolibro-interno-verde-parma&#8221; url_new_window=&#8221;on&#8221; button_text=&#8221;Ascolta l&#8217;audio&#8221; button_alignment=&#8221;left&#8221; button_alignment_tablet=&#8221;left&#8221; button_alignment_phone=&#8221;left&#8221; button_alignment_last_edited=&#8221;on|phone&#8221; _builder_version=&#8221;4.20.1&#8243; _module_preset=&#8221;default&#8221; custom_button=&#8221;on&#8221; button_text_size=&#8221;20px&#8221; button_bg_color=&#8221;RGBA(255,255,255,0)&#8221; button_border_radius=&#8221;25px&#8221; button_icon=&#8221;&#xf025;||fa||900&#8243; button_icon_color=&#8221;#dc143c&#8221; custom_margin=&#8221;30px||30px|140px|false|false&#8221; custom_margin_tablet=&#8221;30px||30px|140px|false|false&#8221; custom_margin_phone=&#8221;|||30px|false|false&#8221; custom_margin_last_edited=&#8221;on|phone&#8221; custom_padding=&#8221;||||false|false&#8221; global_colors_info=&#8221;{}&#8221;][\/et_pb_button][\/et_pb_column][et_pb_column type=&#8221;3_5&#8243; _builder_version=&#8221;4.19.5&#8243; _module_preset=&#8221;default&#8221; background_enable_image=&#8221;off&#8221; global_colors_info=&#8221;{}&#8221;][et_pb_image src=&#8221;https:\/\/internoverde.it\/wp-content\/uploads\/2023\/03\/Borgo-Regale-21-1_risultato-1.webp&#8221; align=&#8221;center&#8221; force_fullwidth=&#8221;on&#8221; _builder_version=&#8221;4.20.1&#8243; _module_preset=&#8221;default&#8221; module_alignment=&#8221;right&#8221; max_height=&#8221;100%&#8221; global_colors_info=&#8221;{}&#8221;][\/et_pb_image][\/et_pb_column][\/et_pb_row][et_pb_row _builder_version=&#8221;4.19.5&#8243; _module_preset=&#8221;default&#8221; global_colors_info=&#8221;{}&#8221; custom_padding=&#8221;||1px|||&#8221;][et_pb_column type=&#8221;4_4&#8243; _builder_version=&#8221;4.19.5&#8243; _module_preset=&#8221;default&#8221; global_colors_info=&#8221;{}&#8221;][et_pb_text content_tablet=&#8221;<\/p>\n<h3 style=%22text-align: justify;%22><span style=%22font-weight: 400;%22>Il giardino di Borgo Regale 21 \u00e8 sinceramente insospettabile. Buona parte degli spazi verdi che caratterizzano il centro storico di Parma si possono intuire dalla prospettiva architettonica del palazzo, dal succedersi dei corridoi e delle corti, oppure si possono intravedere nell\u2019attimo in cui un portone per pochi istanti si schiude lasciando scorgere un fugace scintillio vegetale. Qui per\u00f2 non c\u2019\u00e8 nessuna prospettiva, e nemmeno un portone.<\/span><\/h3>\n<p>&#8221; content_phone=&#8221;<\/p>\n<h3 style=%22text-align: justify;%22><span style=%22font-weight: 400;%22>Il giardino di Borgo Regale 21 \u00e8 sinceramente insospettabile. Buona parte degli spazi verdi che caratterizzano il centro storico di Parma si possono intuire dalla prospettiva architettonica del palazzo, dal succedersi dei corridoi e delle corti, oppure si possono intravedere nell\u2019attimo in cui un portone per pochi istanti si schiude lasciando scorgere un fugace scintillio vegetale. Qui per\u00f2 non c\u2019\u00e8 nessuna prospettiva, e nemmeno un portone.<\/span><\/h3>\n<p>&#8221; content_last_edited=&#8221;on|phone&#8221; _builder_version=&#8221;4.21.0&#8243; _module_preset=&#8221;default&#8221; text_font_size=&#8221;20px&#8221; header_2_font_size=&#8221;20px&#8221; header_3_font_size=&#8221;20px&#8221; header_3_line_height=&#8221;1.3em&#8221; custom_margin=&#8221;20px||20px||false|false&#8221; global_colors_info=&#8221;{}&#8221;]<\/p>\n<h3 style=\"text-align: center;\"><span style=\"font-weight: 400;\">Il giardino di Borgo Regale 21 \u00e8 sinceramente insospettabile.<\/span><\/h3>\n<p>[\/et_pb_text][et_pb_text _builder_version=&#8221;4.21.0&#8243; _module_preset=&#8221;default&#8221; custom_margin=&#8221;20px||20px||false|false&#8221; global_colors_info=&#8221;{}&#8221;]<\/p>\n<p><span style=\"font-weight: 400;\">Buona parte degli spazi verdi che caratterizzano il centro storico di Parma si possono intuire dalla prospettiva architettonica del palazzo, dal succedersi dei corridoi e delle corti, oppure si possono intravedere nell\u2019attimo in cui un portone per pochi istanti si schiude lasciando scorgere un fugace scintillio vegetale. Qui per\u00f2 non c\u2019\u00e8 nessuna prospettiva, e nemmeno un portone. <\/span><span style=\"font-weight: 400;\">E quindi come vi si accede? Come si penetra il mistero? Non tutto pu\u00f2 essere descritto e svelato: a queste domande i visitatori di Interno Verde troveranno risposta solo in loco. Ci\u00f2 che pu\u00f2 essere raccontato \u00e8 il giardino stesso, e i suoi abitanti.<\/span><\/p>\n<p>[\/et_pb_text][et_pb_post_nav in_same_term=&#8221;on&#8221; taxonomy_name=&#8221;Articoli&#8221; show_prev=&#8221;off&#8221; show_next=&#8221;off&#8221; _builder_version=&#8221;4.19.5&#8243; _module_preset=&#8221;default&#8221; global_colors_info=&#8221;{}&#8221;][\/et_pb_post_nav][\/et_pb_column][\/et_pb_row][et_pb_row _builder_version=&#8221;4.19.5&#8243; _module_preset=&#8221;default&#8221; custom_padding=&#8221;1px||0px|||&#8221; global_colors_info=&#8221;{}&#8221;][et_pb_column type=&#8221;4_4&#8243; _builder_version=&#8221;4.19.5&#8243; _module_preset=&#8221;default&#8221; global_colors_info=&#8221;{}&#8221;][et_pb_text _builder_version=&#8221;4.20.1&#8243; _module_preset=&#8221;default&#8221; custom_margin=&#8221;20px||||false|false&#8221; global_colors_info=&#8221;{}&#8221;]<\/p>\n<p style=\"text-align: justify;\"><span style=\"font-weight: 400;\">Tra gli alberi &#8211; insieme agli abeti e agli aceri &#8211; colpiscono soprattutto i grandi cipressi, davvero poco comuni all\u2019interno di un contesto urbano padano. Al centro del prato, disseminato di ajuga, una vaporosa e fitta nuvola di tamerice. Attorno la siepe di ligustro, le rose e il gelsomino. <\/span><\/p>\n<p>[\/et_pb_text][et_pb_button button_url=&#8221;https:\/\/internoverde.it\/giardinoteca\/&#8221; button_text=&#8221;Giardinoteca&#8221; button_alignment=&#8221;center&#8221; _builder_version=&#8221;4.19.5&#8243; _module_preset=&#8221;default&#8221; custom_button=&#8221;on&#8221; button_text_size=&#8221;20px&#8221; button_text_color=&#8221;#ffffff&#8221; button_bg_color=&#8221;#dc143c&#8221; button_border_width=&#8221;0px&#8221; button_border_radius=&#8221;25px&#8221; button_icon=&#8221;&#xf4d8;||fa||900&#8243; button_icon_color=&#8221;#ffffff&#8221; global_colors_info=&#8221;{}&#8221;][\/et_pb_button][\/et_pb_column][\/et_pb_row][\/et_pb_section]<\/p>\n","protected":false},"excerpt":{"rendered":"<p>Il giardino di Borgo Regale 21 \u00e8 sinceramente insospettabile.<\/p>","protected":false},"author":2,"featured_media":12260,"comment_status":"closed","ping_status":"open","sticky":false,"template":"","format":"standard","meta":{"_et_pb_use_builder":"on","_et_pb_old_content":"","_et_gb_content_width":"","footnotes":""},"categories":[34,130,168,167],"tags":[],"class_list":["post-12257","post","type-post","status-publish","format-standard","has-post-thumbnail","hentry","category-giardini-aperti","category-parma","category-parma-23","category-parma-24"],"aioseo_notices":[],"_links":{"self":[{"href":"https:\/\/internoverde.it\/eng\/wp-json\/wp\/v2\/posts\/12257","targetHints":{"allow":["GET"]}}],"collection":[{"href":"https:\/\/internoverde.it\/eng\/wp-json\/wp\/v2\/posts"}],"about":[{"href":"https:\/\/internoverde.it\/eng\/wp-json\/wp\/v2\/types\/post"}],"author":[{"embeddable":true,"href":"https:\/\/internoverde.it\/eng\/wp-json\/wp\/v2\/users\/2"}],"replies":[{"embeddable":true,"href":"https:\/\/internoverde.it\/eng\/wp-json\/wp\/v2\/comments?post=12257"}],"version-history":[{"count":10,"href":"https:\/\/internoverde.it\/eng\/wp-json\/wp\/v2\/posts\/12257\/revisions"}],"predecessor-version":[{"id":19193,"href":"https:\/\/internoverde.it\/eng\/wp-json\/wp\/v2\/posts\/12257\/revisions\/19193"}],"wp:featuredmedia":[{"embeddable":true,"href":"https:\/\/internoverde.it\/eng\/wp-json\/wp\/v2\/media\/12260"}],"wp:attachment":[{"href":"https:\/\/internoverde.it\/eng\/wp-json\/wp\/v2\/media?parent=12257"}],"wp:term":[{"taxonomy":"category","embeddable":true,"href":"https:\/\/internoverde.it\/eng\/wp-json\/wp\/v2\/categories?post=12257"},{"taxonomy":"post_tag","embeddable":true,"href":"https:\/\/internoverde.it\/eng\/wp-json\/wp\/v2\/tags?post=12257"}],"curies":[{"name":"wp","href":"https:\/\/api.w.org\/{rel}","templated":true}]}}