{"id":10784,"date":"2023-02-22T10:47:07","date_gmt":"2023-02-22T09:47:07","guid":{"rendered":"https:\/\/internoverde.it\/?p=10784"},"modified":"2025-03-04T16:35:21","modified_gmt":"2025-03-04T15:35:21","slug":"lultimo-fienile","status":"publish","type":"post","link":"https:\/\/internoverde.it\/eng\/lultimo-fienile\/","title":{"rendered":"L&#8217;ultimo fienile"},"content":{"rendered":"<p>[et_pb_section fb_built=&#8221;1&#8243; _builder_version=&#8221;4.19.5&#8243; _module_preset=&#8221;default&#8221; custom_padding=&#8221;1px||3px|||&#8221; global_colors_info=&#8221;{}&#8221;][et_pb_row column_structure=&#8221;2_5,3_5&#8243; use_custom_gutter=&#8221;on&#8221; gutter_width=&#8221;1&#8243; make_equal=&#8221;on&#8221; _builder_version=&#8221;4.27.4&#8243; _module_preset=&#8221;default&#8221; background_color=&#8221;#f2f2f2&#8243; width=&#8221;100%&#8221; custom_margin=&#8221;-26px|auto||auto||&#8221; custom_padding=&#8221;0px||2px|||&#8221; hover_enabled=&#8221;0&#8243; global_colors_info=&#8221;{}&#8221; max_width=&#8221;2560px&#8221; sticky_enabled=&#8221;0&#8243;][et_pb_column type=&#8221;2_5&#8243; _builder_version=&#8221;4.19.5&#8243; _module_preset=&#8221;default&#8221; global_colors_info=&#8221;{}&#8221;][et_pb_text content_tablet=&#8221;<\/p>\n<p><b>L&#8217;ultimo <\/b><b>fienile<\/b><\/p>\n<p>&#8221; content_phone=&#8221;<\/p>\n<p>L&#8217;ultimo fienile<\/p>\n<p>&#8221; content_last_edited=&#8221;on|tablet&#8221; _builder_version=&#8221;4.21.0&#8243; _module_preset=&#8221;default&#8221; text_font=&#8221;unbaunded||||||||&#8221; text_text_color=&#8221;#dc143c&#8221; text_font_size=&#8221;50px&#8221; text_line_height=&#8221;1.1em&#8221; custom_margin=&#8221;||40px||false|false&#8221; custom_margin_tablet=&#8221;||40px||false|false&#8221; custom_margin_phone=&#8221;||40px||false|false&#8221; custom_margin_last_edited=&#8221;on|phone&#8221; custom_padding=&#8221;70px|||140px|false|false&#8221; custom_padding_tablet=&#8221;70px|||140px|false|false&#8221; custom_padding_phone=&#8221;|||40px|false|false&#8221; custom_padding_last_edited=&#8221;on|phone&#8221; text_font_size_tablet=&#8221;50px&#8221; text_font_size_phone=&#8221;30px&#8221; text_font_size_last_edited=&#8221;on|desktop&#8221; header_line_height_tablet=&#8221;&#8221; header_line_height_phone=&#8221;1em&#8221; header_line_height_last_edited=&#8221;on|phone&#8221; global_colors_info=&#8221;{}&#8221;]<\/p>\n<p><b>L&#8217;ultimo <\/b><b>fienile<\/b><\/p>\n<p>[\/et_pb_text][et_pb_text content_tablet=&#8221;<\/p>\n<h2>Via Aurelio Saffi 15, Ferrara<\/h2>\n<p>&#8221; content_phone=&#8221;<\/p>\n<h2>Via Aurelio Saffi 15, Ferrara<\/h2>\n<p>&#8221; content_last_edited=&#8221;on|phone&#8221; _builder_version=&#8221;4.20.0&#8243; _module_preset=&#8221;default&#8221; custom_margin=&#8221;|||140px|false|false&#8221; custom_margin_tablet=&#8221;|||140px|false|false&#8221; custom_margin_phone=&#8221;|||40px|false|false&#8221; custom_margin_last_edited=&#8221;on|phone&#8221; custom_padding=&#8221;||||false|false&#8221; global_colors_info=&#8221;{}&#8221;]<\/p>\n<h2 style=\"text-align: left\">Via Aurelio Saffi 15, Ferrara<\/h2>\n<p>[\/et_pb_text][\/et_pb_column][et_pb_column type=&#8221;3_5&#8243; _builder_version=&#8221;4.19.5&#8243; _module_preset=&#8221;default&#8221; background_enable_image=&#8221;off&#8221; global_colors_info=&#8221;{}&#8221;][et_pb_image src=&#8221;https:\/\/internoverde.it\/wp-content\/uploads\/2023\/02\/interno_verde-54_risultato.webp&#8221; align=&#8221;center&#8221; force_fullwidth=&#8221;on&#8221; _builder_version=&#8221;4.20.0&#8243; _module_preset=&#8221;default&#8221; module_alignment=&#8221;right&#8221; max_height=&#8221;100%&#8221; hover_enabled=&#8221;0&#8243; global_colors_info=&#8221;{}&#8221; sticky_enabled=&#8221;0&#8243;][\/et_pb_image][\/et_pb_column][\/et_pb_row][et_pb_row _builder_version=&#8221;4.20.0&#8243; _module_preset=&#8221;default&#8221; global_colors_info=&#8221;{}&#8221;][et_pb_column type=&#8221;4_4&#8243; _builder_version=&#8221;4.19.5&#8243; _module_preset=&#8221;default&#8221; global_colors_info=&#8221;{}&#8221;][et_pb_text content_tablet=&#8221;<\/p>\n<h3><span>La casa di via Saffi risale all\u2019inizio del Novecento, ma il giardino \u00e8 molto pi\u00f9 antico: una volta infatti si estendeva da qui fino a corso Giovecca un grande parco di un ettaro e mezzo, diviso in tre parti nel 1974.<\/span><\/h3>\n<p>&#8221; content_phone=&#8221;<\/p>\n<h3><span>La casa di via Saffi risale all\u2019inizio del Novecento, ma il giardino \u00e8 molto pi\u00f9 antico: una volta infatti si estendeva da qui fino a corso Giovecca un grande parco di un ettaro e mezzo, diviso in tre parti nel 1974.<\/span><\/h3>\n<p>&#8221; content_last_edited=&#8221;on|phone&#8221; _builder_version=&#8221;4.20.0&#8243; _module_preset=&#8221;default&#8221; text_font_size=&#8221;20px&#8221; header_2_font_size=&#8221;20px&#8221; header_3_font_size=&#8221;20px&#8221; header_3_line_height=&#8221;1.3em&#8221; custom_margin=&#8221;20px||20px||false|false&#8221; global_colors_info=&#8221;{}&#8221;]<\/p>\n<h3 style=\"text-align: center\"><span style=\"font-weight: 400\">La casa di via Saffi risale all\u2019inizio del Novecento, ma il giardino \u00e8 molto pi\u00f9 antico: una volta infatti si estendeva da qui fino a corso Giovecca un grande parco di un ettaro e mezzo, diviso in tre parti nel 1974.<\/span><\/h3>\n<p>[\/et_pb_text][et_pb_text _builder_version=&#8221;4.20.0&#8243; _module_preset=&#8221;default&#8221; custom_margin=&#8221;20px||20px||false|false&#8221; global_colors_info=&#8221;{}&#8221;]<\/p>\n<p style=\"text-align: justify\">La residenza che in origine vi si affacciava (e comprendeva l\u2019abitazione attuale fino al supermercato) oggi non esiste pi\u00f9 ma un suo vecchio lampadario in vetro colorato, un tempo collocato nell\u2019androne, \u00e8 stato conservato e si pu\u00f2 scovare tra gli alberi.<\/p>\n<p>[\/et_pb_text][et_pb_post_nav in_same_term=&#8221;on&#8221; taxonomy_name=&#8221;Articoli&#8221; show_prev=&#8221;off&#8221; show_next=&#8221;off&#8221; _builder_version=&#8221;4.19.5&#8243; _module_preset=&#8221;default&#8221; global_colors_info=&#8221;{}&#8221;][\/et_pb_post_nav][\/et_pb_column][\/et_pb_row][et_pb_row _builder_version=&#8221;4.19.5&#8243; _module_preset=&#8221;default&#8221; global_colors_info=&#8221;{}&#8221;][et_pb_column type=&#8221;4_4&#8243; _builder_version=&#8221;4.19.5&#8243; _module_preset=&#8221;default&#8221; global_colors_info=&#8221;{}&#8221;][et_pb_text _builder_version=&#8221;4.20.0&#8243; _module_preset=&#8221;default&#8221; global_colors_info=&#8221;{}&#8221;]<\/p>\n<p style=\"text-align: justify\"><span style=\"font-weight: 400\">I sentieri che attraversavano l\u2019area erano due, c\u2019era il vialetto del piacere, che andava fino al pozzo e al giardino fiorito, e il vialetto del lavoro, tramite il quale si andava verso le vigne e i campi da coltivare. Di quei tempi resta una traccia per l\u2019occhio attento: da via Cisterna del Follo, guardando verso il civico 19, si pu\u00f2 notare la vecchia porta del fieno, ovvero la finestrella stretta dalla quale si buttava nel fienile quanto andava raccolto. Questo fu l\u2019ultimo fienile attivo in centro a Ferrara, utilizzato per i cavalli che trainavano le carrozze.<\/span><span style=\"font-weight: 400\"><\/span><\/p>\n<p>[\/et_pb_text][\/et_pb_column][\/et_pb_row][et_pb_row column_structure=&#8221;1_2,1_2&#8243; use_custom_gutter=&#8221;on&#8221; gutter_width=&#8221;1&#8243; _builder_version=&#8221;4.27.4&#8243; _module_preset=&#8221;default&#8221; background_enable_image=&#8221;off&#8221; background_size=&#8221;stretch&#8221; width=&#8221;100%&#8221; module_alignment=&#8221;center&#8221; height=&#8221;400px&#8221; custom_padding=&#8221;0px||1px|||&#8221; hover_enabled=&#8221;0&#8243; global_colors_info=&#8221;{}&#8221; max_width=&#8221;2560px&#8221; sticky_enabled=&#8221;0&#8243;][et_pb_column type=&#8221;1_2&#8243; _builder_version=&#8221;4.19.5&#8243; _module_preset=&#8221;default&#8221; background_enable_image=&#8221;off&#8221; background_size=&#8221;stretch&#8221; global_colors_info=&#8221;{}&#8221;][et_pb_image src=&#8221;https:\/\/internoverde.it\/wp-content\/uploads\/2023\/02\/via-aurelio-saffi-15-5_risultato.webp&#8221; _builder_version=&#8221;4.20.0&#8243; _module_preset=&#8221;default&#8221; hover_enabled=&#8221;0&#8243; global_colors_info=&#8221;{}&#8221; sticky_enabled=&#8221;0&#8243;][\/et_pb_image][\/et_pb_column][et_pb_column type=&#8221;1_2&#8243; _builder_version=&#8221;4.19.5&#8243; _module_preset=&#8221;default&#8221; background_enable_image=&#8221;off&#8221; background_size=&#8221;stretch&#8221; global_colors_info=&#8221;{}&#8221;][et_pb_image src=&#8221;https:\/\/internoverde.it\/wp-content\/uploads\/2023\/02\/Via-saffi-15-1_risultato.webp&#8221; _builder_version=&#8221;4.20.0&#8243; _module_preset=&#8221;default&#8221; hover_enabled=&#8221;0&#8243; global_colors_info=&#8221;{}&#8221; sticky_enabled=&#8221;0&#8243;][\/et_pb_image][\/et_pb_column][\/et_pb_row][et_pb_row _builder_version=&#8221;4.19.5&#8243; _module_preset=&#8221;default&#8221; custom_padding=&#8221;||0px|||&#8221; global_colors_info=&#8221;{}&#8221;][et_pb_column type=&#8221;4_4&#8243; _builder_version=&#8221;4.19.5&#8243; _module_preset=&#8221;default&#8221; global_colors_info=&#8221;{}&#8221;][et_pb_text _builder_version=&#8221;4.20.0&#8243; _module_preset=&#8221;default&#8221; custom_margin=&#8221;20px||||false|false&#8221; global_colors_info=&#8221;{}&#8221;]<\/p>\n<p style=\"text-align: justify\">Nel frazionamento della propriet\u00e0 qui \u00e8 rimasta la vecchia siepe di bosso, che risale alla fine del Settecento, vicina a un pi\u00f9 giovane ed espansivo oleandro, raccolto al Gianicolo, a Roma. Tra alberi e arbusti crescono: l\u2019allamanda, che fiorisce tutta gialla a settembre, l\u2019arancio, la magnolia giapponese, la mimosa, l\u2019ibisco tardivo, le ortensie, le camelie, le begonie, il gelsomino, il ficus benjamin e il ficus elastica, la zinnia elegans, le cycas. Non mancano le piante officinali, che il genero degli attuali proprietari, chef di professione, utilizza in cucina. Fino a qualche anno fa vicino alla piscina cresceva un altissimo cedro del Libano, che superava i ventri metri, ma si \u00e8 ammalato e ora non c\u2019\u00e8 pi\u00f9. Al suo posto \u00e8 stato piantato il carpino bianco.\u00a0<\/p>\n<p>[\/et_pb_text][et_pb_button button_url=&#8221;https:\/\/internoverde.it\/giardinoteca\/&#8221; button_text=&#8221;Giardinoteca&#8221; button_alignment=&#8221;center&#8221; _builder_version=&#8221;4.19.5&#8243; _module_preset=&#8221;default&#8221; custom_button=&#8221;on&#8221; button_text_size=&#8221;20px&#8221; button_text_color=&#8221;#ffffff&#8221; button_bg_color=&#8221;#dc143c&#8221; button_border_width=&#8221;0px&#8221; button_border_radius=&#8221;25px&#8221; button_icon=&#8221;&#xf4d8;||fa||900&#8243; button_icon_color=&#8221;#ffffff&#8221; global_colors_info=&#8221;{}&#8221;][\/et_pb_button][\/et_pb_column][\/et_pb_row][\/et_pb_section]<\/p>\n","protected":false},"excerpt":{"rendered":"<p>La casa di via Saffi risale all\u2019inizio del Novecento, ma il giardino \u00e8 molto pi\u00f9 antico: una volta infatti si estendeva da qui fino a corso Giovecca un grande parco di un ettaro e mezzo, diviso in tre parti nel 1974.<\/p>","protected":false},"author":2,"featured_media":10854,"comment_status":"open","ping_status":"open","sticky":false,"template":"","format":"standard","meta":{"_et_pb_use_builder":"on","_et_pb_old_content":"","_et_gb_content_width":"","footnotes":""},"categories":[128,34],"tags":[],"class_list":["post-10784","post","type-post","status-publish","format-standard","has-post-thumbnail","hentry","category-ferrara","category-giardini-aperti"],"aioseo_notices":[],"_links":{"self":[{"href":"https:\/\/internoverde.it\/eng\/wp-json\/wp\/v2\/posts\/10784","targetHints":{"allow":["GET"]}}],"collection":[{"href":"https:\/\/internoverde.it\/eng\/wp-json\/wp\/v2\/posts"}],"about":[{"href":"https:\/\/internoverde.it\/eng\/wp-json\/wp\/v2\/types\/post"}],"author":[{"embeddable":true,"href":"https:\/\/internoverde.it\/eng\/wp-json\/wp\/v2\/users\/2"}],"replies":[{"embeddable":true,"href":"https:\/\/internoverde.it\/eng\/wp-json\/wp\/v2\/comments?post=10784"}],"version-history":[{"count":13,"href":"https:\/\/internoverde.it\/eng\/wp-json\/wp\/v2\/posts\/10784\/revisions"}],"predecessor-version":[{"id":25023,"href":"https:\/\/internoverde.it\/eng\/wp-json\/wp\/v2\/posts\/10784\/revisions\/25023"}],"wp:featuredmedia":[{"embeddable":true,"href":"https:\/\/internoverde.it\/eng\/wp-json\/wp\/v2\/media\/10854"}],"wp:attachment":[{"href":"https:\/\/internoverde.it\/eng\/wp-json\/wp\/v2\/media?parent=10784"}],"wp:term":[{"taxonomy":"category","embeddable":true,"href":"https:\/\/internoverde.it\/eng\/wp-json\/wp\/v2\/categories?post=10784"},{"taxonomy":"post_tag","embeddable":true,"href":"https:\/\/internoverde.it\/eng\/wp-json\/wp\/v2\/tags?post=10784"}],"curies":[{"name":"wp","href":"https:\/\/api.w.org\/{rel}","templated":true}]}}