{"id":10689,"date":"2023-02-15T16:01:00","date_gmt":"2023-02-15T15:01:00","guid":{"rendered":"https:\/\/internoverde.it\/?p=10689"},"modified":"2025-03-04T16:44:09","modified_gmt":"2025-03-04T15:44:09","slug":"palazzo-bevilacqua-mazzucchi","status":"publish","type":"post","link":"https:\/\/internoverde.it\/eng\/palazzo-bevilacqua-mazzucchi\/","title":{"rendered":"Palazzo Bevilacqua Mazzucchi"},"content":{"rendered":"<p>[et_pb_section fb_built=&#8221;1&#8243; _builder_version=&#8221;4.19.5&#8243; _module_preset=&#8221;default&#8221; custom_padding=&#8221;1px||3px|||&#8221; global_colors_info=&#8221;{}&#8221;][et_pb_row column_structure=&#8221;2_5,3_5&#8243; use_custom_gutter=&#8221;on&#8221; gutter_width=&#8221;1&#8243; make_equal=&#8221;on&#8221; _builder_version=&#8221;4.27.4&#8243; _module_preset=&#8221;default&#8221; background_color=&#8221;#f2f2f2&#8243; width=&#8221;100%&#8221; max_width=&#8221;2560px&#8221; custom_margin=&#8221;-26px|auto||auto||&#8221; custom_padding=&#8221;0px||2px|||&#8221; global_colors_info=&#8221;{}&#8221;][et_pb_column type=&#8221;2_5&#8243; _builder_version=&#8221;4.19.5&#8243; _module_preset=&#8221;default&#8221; global_colors_info=&#8221;{}&#8221;][et_pb_text content_tablet=&#8221;<\/p>\n<p><b>Palazzo <\/b><\/p>\n<p><b>Bevilacqua<\/b><\/p>\n<p><b>Mazzocchi<\/b><\/p>\n<p>&#8221; content_phone=&#8221;<\/p>\n<p>Palazzo Bevilacqua Mazzocchi<\/p>\n<p>&#8221; content_last_edited=&#8221;on|phone&#8221; _builder_version=&#8221;4.19.5&#8243; _module_preset=&#8221;default&#8221; text_font=&#8221;unbaunded||||||||&#8221; text_text_color=&#8221;#dc143c&#8221; text_font_size=&#8221;50px&#8221; custom_margin=&#8221;||40px||false|false&#8221; custom_margin_tablet=&#8221;||40px||false|false&#8221; custom_margin_phone=&#8221;||40px||false|false&#8221; custom_margin_last_edited=&#8221;on|phone&#8221; custom_padding=&#8221;70px|||140px|false|false&#8221; custom_padding_tablet=&#8221;70px|||140px|false|false&#8221; custom_padding_phone=&#8221;|||40px|false|false&#8221; custom_padding_last_edited=&#8221;on|phone&#8221; text_font_size_tablet=&#8221;50px&#8221; text_font_size_phone=&#8221;30px&#8221; text_font_size_last_edited=&#8221;on|phone&#8221; global_colors_info=&#8221;{}&#8221;]<\/p>\n<p><strong>Palazzo<\/strong><\/p>\n<p><b>Bevilacqua <\/b><\/p>\n<p><b>Mazzocchi<\/b><\/p>\n<p>[\/et_pb_text][et_pb_text content_tablet=&#8221;<\/p>\n<h2>Piazza Ariostea 11\/A, Ferrara<\/h2>\n<p>&#8221; content_phone=&#8221;<\/p>\n<h2>Piazza Ariostea 11\/A, Ferrara<\/h2>\n<p>&#8221; content_last_edited=&#8221;on|phone&#8221; _builder_version=&#8221;4.19.5&#8243; _module_preset=&#8221;default&#8221; custom_margin=&#8221;|||140px|false|false&#8221; custom_margin_tablet=&#8221;|||140px|false|false&#8221; custom_margin_phone=&#8221;|||40px|false|false&#8221; custom_margin_last_edited=&#8221;on|phone&#8221; custom_padding=&#8221;||||false|false&#8221; global_colors_info=&#8221;{}&#8221;]<\/p>\n<h2>Piazza Ariostea 11\/A, Ferrara<\/h2>\n<p>[\/et_pb_text][\/et_pb_column][et_pb_column type=&#8221;3_5&#8243; _builder_version=&#8221;4.19.5&#8243; _module_preset=&#8221;default&#8221; background_enable_image=&#8221;off&#8221; global_colors_info=&#8221;{}&#8221;][et_pb_image src=&#8221;https:\/\/internoverde.it\/wp-content\/uploads\/2023\/02\/IMG_1076_risultato.webp&#8221; align=&#8221;center&#8221; force_fullwidth=&#8221;on&#8221; _builder_version=&#8221;4.19.5&#8243; _module_preset=&#8221;default&#8221; module_alignment=&#8221;right&#8221; max_height=&#8221;100%&#8221; hover_enabled=&#8221;0&#8243; global_colors_info=&#8221;{}&#8221; sticky_enabled=&#8221;0&#8243;][\/et_pb_image][\/et_pb_column][\/et_pb_row][et_pb_row _builder_version=&#8221;4.19.5&#8243; _module_preset=&#8221;default&#8221; global_colors_info=&#8221;{}&#8221;][et_pb_column type=&#8221;4_4&#8243; _builder_version=&#8221;4.19.5&#8243; _module_preset=&#8221;default&#8221; global_colors_info=&#8221;{}&#8221;][et_pb_text content_tablet=&#8221;<\/p>\n<h3><span>Palazzo Bevilacqua Mazzucchi risale al 1494, \u00e8 uno dei pi\u00f9 prestigiosi palazzi rinascimentali realizzati dall\u2019architetto Biagio Rossetti. <\/span><\/h3>\n<p>&#8221; content_phone=&#8221;<\/p>\n<h3><span>Palazzo Bevilacqua Mazzucchi risale al 1494, \u00e8 uno dei pi\u00f9 prestigiosi palazzi rinascimentali realizzati dall\u2019architetto Biagio Rossetti. <\/span><\/h3>\n<p>&#8221; content_last_edited=&#8221;on|phone&#8221; _builder_version=&#8221;4.19.5&#8243; _module_preset=&#8221;default&#8221; text_font_size=&#8221;20px&#8221; header_2_font_size=&#8221;20px&#8221; header_3_font_size=&#8221;20px&#8221; header_3_line_height=&#8221;1.3em&#8221; custom_margin=&#8221;20px||20px||false|false&#8221; global_colors_info=&#8221;{}&#8221;]<\/p>\n<h3 style=\"text-align: center\"><span style=\"font-weight: 400\">Palazzo Bevilacqua Mazzucchi risale al 1494, \u00e8 uno dei pi\u00f9 prestigiosi palazzi rinascimentali realizzati dall\u2019architetto Biagio Rossetti. <\/span><\/h3>\n<p>[\/et_pb_text][et_pb_text _builder_version=&#8221;4.19.5&#8243; _module_preset=&#8221;default&#8221; custom_margin=&#8221;20px||20px||false|false&#8221; global_colors_info=&#8221;{}&#8221;]<\/p>\n<p style=\"text-align: justify\"><span><span style=\"font-weight: 400\">Fu commissionato dai fratelli Carlo e Camillo Strozzi su un terreno concesso alla loro famiglia dal Duca Ercole I d\u2019Este, che mirava a incentivare lo sviluppo urbanistico dell\u2019area oggi conosciuta proprio come Addizione Erculea.<\/span><\/span><\/p>\n<p>[\/et_pb_text][et_pb_post_nav in_same_term=&#8221;on&#8221; taxonomy_name=&#8221;Articoli&#8221; show_prev=&#8221;off&#8221; show_next=&#8221;off&#8221; _builder_version=&#8221;4.19.5&#8243; _module_preset=&#8221;default&#8221; global_colors_info=&#8221;{}&#8221;][\/et_pb_post_nav][\/et_pb_column][\/et_pb_row][et_pb_row column_structure=&#8221;1_3,1_3,1_3&#8243; use_custom_gutter=&#8221;on&#8221; gutter_width=&#8221;1&#8243; make_equal=&#8221;on&#8221; _builder_version=&#8221;4.27.4&#8243; _module_preset=&#8221;default&#8221; width=&#8221;100%&#8221; max_width=&#8221;2560px&#8221; module_alignment=&#8221;center&#8221; min_height=&#8221;300px&#8221; custom_margin=&#8221;||||false|false&#8221; custom_padding=&#8221;||||false|false&#8221; global_colors_info=&#8221;{}&#8221;][et_pb_column type=&#8221;1_3&#8243; _builder_version=&#8221;4.19.5&#8243; _module_preset=&#8221;default&#8221; background_enable_image=&#8221;off&#8221; background_size=&#8221;stretch&#8221; custom_padding=&#8221;||||false|false&#8221; global_colors_info=&#8221;{}&#8221;][et_pb_image src=&#8221;https:\/\/internoverde.it\/wp-content\/uploads\/2023\/02\/IMG_1077_risultato.webp&#8221; align=&#8221;center&#8221; _builder_version=&#8221;4.19.5&#8243; _module_preset=&#8221;default&#8221; hover_enabled=&#8221;0&#8243; global_colors_info=&#8221;{}&#8221; sticky_enabled=&#8221;0&#8243;][\/et_pb_image][\/et_pb_column][et_pb_column type=&#8221;1_3&#8243; _builder_version=&#8221;4.19.5&#8243; _module_preset=&#8221;default&#8221; background_enable_image=&#8221;off&#8221; background_size=&#8221;stretch&#8221; global_colors_info=&#8221;{}&#8221;][et_pb_image src=&#8221;https:\/\/internoverde.it\/wp-content\/uploads\/2023\/02\/IMG_1078_risultato.webp&#8221; align=&#8221;center&#8221; _builder_version=&#8221;4.19.5&#8243; _module_preset=&#8221;default&#8221; hover_enabled=&#8221;0&#8243; global_colors_info=&#8221;{}&#8221; sticky_enabled=&#8221;0&#8243;][\/et_pb_image][\/et_pb_column][et_pb_column type=&#8221;1_3&#8243; _builder_version=&#8221;4.19.5&#8243; _module_preset=&#8221;default&#8221; background_enable_image=&#8221;off&#8221; global_colors_info=&#8221;{}&#8221;][et_pb_image src=&#8221;https:\/\/internoverde.it\/wp-content\/uploads\/2023\/02\/IMG_1074_risultato.webp&#8221; align=&#8221;center&#8221; _builder_version=&#8221;4.19.5&#8243; _module_preset=&#8221;default&#8221; hover_enabled=&#8221;0&#8243; global_colors_info=&#8221;{}&#8221; sticky_enabled=&#8221;0&#8243;][\/et_pb_image][\/et_pb_column][\/et_pb_row][et_pb_row _builder_version=&#8221;4.19.5&#8243; _module_preset=&#8221;default&#8221; global_colors_info=&#8221;{}&#8221;][et_pb_column type=&#8221;4_4&#8243; _builder_version=&#8221;4.19.5&#8243; _module_preset=&#8221;default&#8221; global_colors_info=&#8221;{}&#8221;][et_pb_text _builder_version=&#8221;4.19.5&#8243; _module_preset=&#8221;default&#8221; global_colors_info=&#8221;{}&#8221;]<\/p>\n<p style=\"text-align: justify\"><span><span style=\"font-weight: 400\">La storia di questo luogo \u00e8 stata purtroppo per molti secoli una storia di incuria e di abbandono. Il processo di decadimento \u00e8 cominciato nella seconda met\u00e0 del Cinquecento e si \u00e8 interrotto solo recentemente. Una prima operazione di recupero \u00e8 stata realizzata dopo la Seconda Guerra Mondiale; il ripristino della splendida corte interna \u2014 utilizzata nel dopoguerra come parcheggio per le automobili \u2014 solo nel 2007.<\/span><\/span><\/p>\n<p>[\/et_pb_text][\/et_pb_column][\/et_pb_row][et_pb_row column_structure=&#8221;1_2,1_2&#8243; use_custom_gutter=&#8221;on&#8221; gutter_width=&#8221;1&#8243; make_equal=&#8221;on&#8221; _builder_version=&#8221;4.27.4&#8243; _module_preset=&#8221;default&#8221; background_enable_image=&#8221;off&#8221; background_size=&#8221;stretch&#8221; width=&#8221;100%&#8221; module_alignment=&#8221;center&#8221; height=&#8221;400px&#8221; custom_padding=&#8221;0px||1px|||&#8221; hover_enabled=&#8221;0&#8243; global_colors_info=&#8221;{}&#8221; sticky_enabled=&#8221;0&#8243;][et_pb_column type=&#8221;1_2&#8243; _builder_version=&#8221;4.19.5&#8243; _module_preset=&#8221;default&#8221; background_enable_image=&#8221;off&#8221; background_size=&#8221;stretch&#8221; global_colors_info=&#8221;{}&#8221;][et_pb_image src=&#8221;https:\/\/internoverde.it\/wp-content\/uploads\/2023\/02\/IMG_1071_risultato.webp&#8221; align=&#8221;center&#8221; _builder_version=&#8221;4.27.4&#8243; _module_preset=&#8221;default&#8221; hover_enabled=&#8221;0&#8243; global_colors_info=&#8221;{}&#8221; sticky_enabled=&#8221;0&#8243;][\/et_pb_image][\/et_pb_column][et_pb_column type=&#8221;1_2&#8243; _builder_version=&#8221;4.19.5&#8243; _module_preset=&#8221;default&#8221; background_enable_image=&#8221;off&#8221; background_size=&#8221;stretch&#8221; global_colors_info=&#8221;{}&#8221;][et_pb_image src=&#8221;https:\/\/internoverde.it\/wp-content\/uploads\/2023\/02\/IMG_1068_risultato.webp&#8221; align=&#8221;center&#8221; _builder_version=&#8221;4.27.4&#8243; _module_preset=&#8221;default&#8221; hover_enabled=&#8221;0&#8243; global_colors_info=&#8221;{}&#8221; sticky_enabled=&#8221;0&#8243;][\/et_pb_image][\/et_pb_column][\/et_pb_row][et_pb_row _builder_version=&#8221;4.19.5&#8243; _module_preset=&#8221;default&#8221; custom_padding=&#8221;||0px|||&#8221; global_colors_info=&#8221;{}&#8221;][et_pb_column type=&#8221;4_4&#8243; _builder_version=&#8221;4.19.5&#8243; _module_preset=&#8221;default&#8221; global_colors_info=&#8221;{}&#8221;][et_pb_text _builder_version=&#8221;4.19.5&#8243; _module_preset=&#8221;default&#8221; custom_margin=&#8221;20px||||false|false&#8221; custom_padding=&#8221;40px|||||&#8221; global_colors_info=&#8221;{}&#8221;]<\/p>\n<p style=\"text-align: justify\"><span style=\"font-weight: 400\">I prospetti e gli ampi loggiati che corrono attorno allo scoperto sono stati restaurati utilizzando materiali coerenti con l\u2019epoca in cui sono stati progettati, nello spazio centrale sono state riproposte le aiuole e i tipici percorsi del giardino rinascimentale, con ordinate siepi di bosso e melograni in vaso. La geometria dell\u2019impianto \u00e8 tipicamente italiana, suddivisa in quattro isole verdi con un pozzo centrale.<\/span><\/p>\n<p>[\/et_pb_text][et_pb_button button_url=&#8221;https:\/\/internoverde.it\/giardinoteca\/&#8221; button_text=&#8221;Giardinoteca&#8221; button_alignment=&#8221;center&#8221; _builder_version=&#8221;4.19.5&#8243; _module_preset=&#8221;default&#8221; custom_button=&#8221;on&#8221; button_text_size=&#8221;20px&#8221; button_text_color=&#8221;#ffffff&#8221; button_bg_color=&#8221;#dc143c&#8221; button_border_width=&#8221;0px&#8221; button_border_radius=&#8221;25px&#8221; button_icon=&#8221;&#xf4d8;||fa||900&#8243; button_icon_color=&#8221;#ffffff&#8221; global_colors_info=&#8221;{}&#8221;][\/et_pb_button][\/et_pb_column][\/et_pb_row][\/et_pb_section]<\/p>\n","protected":false},"excerpt":{"rendered":"<p>Palazzo Bevilacqua Mazzucchi risale al 1494, \u00e8 uno dei pi\u00f9 prestigiosi palazzi rinascimentali realizzati dall\u2019architetto Biagio Rossetti.<\/p>","protected":false},"author":2,"featured_media":10693,"comment_status":"open","ping_status":"open","sticky":false,"template":"","format":"standard","meta":{"_et_pb_use_builder":"on","_et_pb_old_content":"","_et_gb_content_width":"","footnotes":""},"categories":[128,34],"tags":[],"class_list":["post-10689","post","type-post","status-publish","format-standard","has-post-thumbnail","hentry","category-ferrara","category-giardini-aperti"],"aioseo_notices":[],"_links":{"self":[{"href":"https:\/\/internoverde.it\/eng\/wp-json\/wp\/v2\/posts\/10689","targetHints":{"allow":["GET"]}}],"collection":[{"href":"https:\/\/internoverde.it\/eng\/wp-json\/wp\/v2\/posts"}],"about":[{"href":"https:\/\/internoverde.it\/eng\/wp-json\/wp\/v2\/types\/post"}],"author":[{"embeddable":true,"href":"https:\/\/internoverde.it\/eng\/wp-json\/wp\/v2\/users\/2"}],"replies":[{"embeddable":true,"href":"https:\/\/internoverde.it\/eng\/wp-json\/wp\/v2\/comments?post=10689"}],"version-history":[{"count":8,"href":"https:\/\/internoverde.it\/eng\/wp-json\/wp\/v2\/posts\/10689\/revisions"}],"predecessor-version":[{"id":25027,"href":"https:\/\/internoverde.it\/eng\/wp-json\/wp\/v2\/posts\/10689\/revisions\/25027"}],"wp:featuredmedia":[{"embeddable":true,"href":"https:\/\/internoverde.it\/eng\/wp-json\/wp\/v2\/media\/10693"}],"wp:attachment":[{"href":"https:\/\/internoverde.it\/eng\/wp-json\/wp\/v2\/media?parent=10689"}],"wp:term":[{"taxonomy":"category","embeddable":true,"href":"https:\/\/internoverde.it\/eng\/wp-json\/wp\/v2\/categories?post=10689"},{"taxonomy":"post_tag","embeddable":true,"href":"https:\/\/internoverde.it\/eng\/wp-json\/wp\/v2\/tags?post=10689"}],"curies":[{"name":"wp","href":"https:\/\/api.w.org\/{rel}","templated":true}]}}